{"id":14273,"date":"2022-02-18T16:12:09","date_gmt":"2022-02-18T15:12:09","guid":{"rendered":"https:\/\/www.visitfermo.it\/la-ricetta-fermana-dello-stocco-con-patate-copy"},"modified":"2022-04-11T16:43:41","modified_gmt":"2022-04-11T15:43:41","slug":"il-carnevale-di-fermo-storia-e-curiosita-sul-filo-delle-marionette","status":"publish","type":"post","link":"https:\/\/www.visitfermo.it\/it\/il-carnevale-di-fermo-storia-e-curiosita-sul-filo-delle-marionette","title":{"rendered":"Il Carnevale di Fermo: storia e curiosit\u00e0 sul filo delle marionette"},"content":{"rendered":"<div class=\"wpb-content-wrapper\"><p>[vc_row][vc_column][vc_column_text el_class=&#8221;testo-intro&#8221;]Pu\u00f2 capitarti, nei giorni che si avvicinano a Carnevale, di camminare per le vie di Fermo e imbatterti improvvisamente in uno <strong>strano personaggio<\/strong>: testa grossa, niente barba ma folte ciglia, nasone adunco, zigomi sporgenti, orecchie ad ansa e occhi tondi tondi, quasi allucinati.<\/p>\n<p>Addosso, un corpetto rosso fiammante con bottoni di metallo, una giubba di panno scuro, calzoni corti, scarpe nere con grosse fibbie.<\/p>\n<p>Si, confermiamo: sembra proprio piombato qui da un\u2019altra epoca. L\u2019 \u2018800 per la precisione.<\/p>\n<p>Lui \u00e8 <strong>Mengone Torcicolli<\/strong>. E vederlo in giro per la citt\u00e0 significa solo una cosa: inizia ufficialmente <strong>il Carnevale fermano<\/strong>.[\/vc_column_text][vc_empty_space height=&#8221;50px&#8221;][vc_column_text css=&#8221;.vc_custom_1635765167383{padding-right: 7% !important;}&#8221;]<\/p>\n<h2>Mengone Torcicolli: la maschera del Fermano che racconta \u201cil marchigiano\u201d<\/h2>\n<p>[\/vc_column_text][vc_column_text el_class=&#8221;testo&#8221; css=&#8221;.vc_custom_1635765195211{padding-top: 15px !important;}&#8221;]Tutti noi conosciamo Arlecchino e Pulcinella, Pantalone e Colombina, Brighella e Balanzone.<br \/>\nSono i protagonisti del Teatro di Burattini e Marionette intorno al quale si sono sviluppate famose scuole e compagnie (quella napoletana, quella bergamasca, quella emiliana e altre ancora).<\/p>\n<p>Quello che forse in pochi sanno, per\u00f2, \u00e8 che anche nelle Marche, precisamente nel piccolo paese di Monte San Pietrangeli nel fermano, in quegli stessi anni, nasceva un gruppo di <strong>Teatro di Marionette<\/strong> che rimarr\u00e0 il punto di riferimento negli anni per il <strong>Carnevale di Fermo<\/strong>.<\/p>\n<p><img loading=\"lazy\" decoding=\"async\" class=\"alignnone wp-image-15676 size-full\" src=\"https:\/\/www.visitfermo.it\/wp-content\/uploads\/2022\/02\/Mengone-Torcicolli-2.jpg\" alt=\"\" width=\"400\" height=\"532\" \/><\/p>\n<p>La sua storia inizia con <strong>Pacifico Quadrini<\/strong>, uomo dalla grande arte costruttiva che dopo aver fatto parte dell\u2019Armata Napoleonica, aveva deciso di tornare al suo paese natale, Monte San Pietrangeli. Qui, aveva stretto amicizia con <strong>Benedetto Audiberti, grande appassionato di Marionette <\/strong>e proprietario di un piccolo teatro. Affascinato dal quel mondo cos\u00ec particolare, fatto di fissit\u00e0 e sospensione, disincanto, corpi rigidi che si risvegliano in movimenti vivi, Quadrini aveva deciso di costruire anche lui un piccolo teatro e buttarsi in questa nuova avventura.<\/p>\n<p>La svolta \u00e8 arrivata per\u00f2 dall\u2019incontro con <strong>Andrea Longino Cardinali<\/strong>, letterato e grecista di grande fama che rimase colpito dalla magia delle Marionette e <strong>si entusiasm\u00f2 al progetto<\/strong>.<\/p>\n<p>Ed \u00e8 proprio Cardinali che <strong>ha dato vita al personaggio di Mengone Torcicolli<\/strong> e lo ha trasformato nel protagonista delle sue commedie.<\/p>\n<p><strong>Mengone<\/strong> \u00e8 stato contadino, servo, castaldo, deputato della comunit\u00e0, priore, pastore, carceriere e giardiniere. E in ogni rappresentazione di lui \u00e8 emerso il <strong>carattere comico, originale, divertente<\/strong>, e l\u2019aspetto semplice e rustico. Insomma, Mengone \u00e8 quel tipo di persona che qui, nelle Marche, ci piace definire <strong>un \u201cbonaccione\u201d<\/strong>. Furbo e astuto si, ma ancora di pi\u00f9 remissivo e burlevole.<\/p>\n<p>E forse \u00e8 proprio in questo che dobbiamo ricercare<strong> la fortuna<\/strong> che <strong>questa maschera fermana<\/strong> ha avuto: il Cardinali ha fatto di Mengone <strong>un personaggio che incarna le vere caratteristiche della stirpe marchigiana<\/strong>, trasformandolo da maschera a personaggio schietto e reale.[\/vc_column_text][vc_empty_space height=&#8221;50px&#8221;][vc_column_text css=&#8221;.vc_custom_1635765167383{padding-right: 7% !important;}&#8221;]<\/p>\n<h3>La fortuna di Mengone Torcicolli nelle commedie di Andrea Longino Cardinali<\/h3>\n<p>[\/vc_column_text][vc_column_text el_class=&#8221;testo&#8221; css=&#8221;.vc_custom_1635780943034{padding-top: 15px !important;}&#8221;]Sono 10 le commedie in cui Andrea Longino Cardinali ha fissato le avventure di Mengone, tutte attualmente conservate nella Biblioteca Mozzi-Borgetti di Macerata<\/p>\n<p>\u2022 La sposa rassegnata<br \/>\n\u2022 Don Giovanni Tenorio<br \/>\n\u2022 La schiavit\u00f9 di Scutari<br \/>\n\u2022 La finta cameriera<br \/>\n\u2022 Il Feudatario<br \/>\n\u2022 L\u2019innocenza in periglio<br \/>\n\u2022 I veri amanti<br \/>\n\u2022 La famiglia riunita<br \/>\n\u2022 La metamorfosi di Rogantino<br \/>\n\u2022 Il collegio degli orfanelli<\/p>\n<p>Mengone Torcicolli divert\u00ec il suo pubblico dal 1816 al 1859 e ne incontr\u00f2 il consenso anche al di fuori di Monte San Pietrangeli. Documenti dell\u2019epoca testimoniano spettacoli fatti a Fermo, Jesi, Fabriano, Macerata, Montolmo (attuale Corridonia), Camerino, Mogliano, Tolentino, Sant&#8217;Elpidio a Mare, Santa Vittoria in Matenano e altre piccole localit\u00e0 del nostro territorio.[\/vc_column_text][vc_empty_space height=&#8221;50px&#8221;][vc_column_text css=&#8221;.vc_custom_1635765409020{padding-right: 7% !important;}&#8221;]<\/p>\n<h2>Il carnevale fermano: ecco come rivive la tradizione di Mengone Torcicolli<\/h2>\n<p>[\/vc_column_text][vc_column_text el_class=&#8221;testo&#8221; css=&#8221;.vc_custom_1635765431513{padding-top: 15px !important;}&#8221;]Da alcune locandine risalenti alla <strong>fine del XIX\u00b0 secolo<\/strong>, sappiamo che <strong>al Teatro dell\u2019Aquila di Fermo<\/strong> si svolgevano <strong>veglioni e programmi musicali ideati espressamente per il Carnevale<\/strong>.<\/p>\n<p><strong>Fino alla fine degli anni \u201950 del \u2018900 la tradizione dei veglioni rimase viva<\/strong>, grazie soprattutto agli studenti delle Scuole Superiori che ogni anno ideavano e proponevano festose iniziative carnevalesche. Fino a quando le ristrettezze economiche non li costrinsero ad abbandonare tutto.<\/p>\n<p><strong>Nel 1984 le Contrade della \u201cCavalcata dell\u2019Assunta\u201d riproposero l\u2019idea del Carnevale<\/strong>, all\u2019inizio soltanto con il<\/p>\n<div id=\"attachment_15678\" style=\"width: 510px\" class=\"wp-caption alignnone\"><img loading=\"lazy\" decoding=\"async\" aria-describedby=\"caption-attachment-15678\" class=\"wp-image-15678 size-full\" src=\"https:\/\/www.visitfermo.it\/wp-content\/uploads\/2022\/02\/I-Re-Carnevale-n-Piazza-1.jpg\" alt=\"\" width=\"500\" height=\"375\" srcset=\"https:\/\/www.visitfermo.it\/wp-content\/uploads\/2022\/02\/I-Re-Carnevale-n-Piazza-1.jpg 500w, https:\/\/www.visitfermo.it\/wp-content\/uploads\/2022\/02\/I-Re-Carnevale-n-Piazza-1-300x225.jpg 300w\" sizes=\"auto, (max-width: 500px) 100vw, 500px\" \/><p id=\"caption-attachment-15678\" class=\"wp-caption-text\">OLYMPUS DIGITAL CAMERA<\/p><\/div>\n<p>tradizionale veglione ed in seguito, dal 1990, con un programma di eventi che ruotano intorno ad una festosa idea di origine medioevale: il breve regno di Re Carnevale.<\/p>\n<p>E indovinate chi ricomparve come aiutante del Re Carnevale? Gi\u00e0 proprio lui: il nostro Mengone Torcicolli!<\/p>\n<p>La leggenda racconta che Re Carnevale era un uomo di cos\u00ec buon cuore che permetteva a tutti di entrare nel suo palazzo per mangiare e<\/p>\n<p>bere a volont\u00e0. I sudditi, per\u00f2, ne approfittarono e lo costrinsero a non uscire pi\u00f9 dal palazzo. A questo punto il re decise di iniziare a mangiare fino a sentirsi male. Sua sorella Quaresima cerc\u00f2 quindi di approfittare della situazione per togliergli il trono. La sera del marted\u00ec Re Carnevale mor\u00ec e sua sorella prese il potere.[\/vc_column_text][vc_empty_space height=&#8221;50px&#8221;][vc_column_text css=&#8221;.vc_custom_1635765167383{padding-right: 7% !important;}&#8221;]<\/p>\n<h2>Il Carnevale di Fermo tra i 26 eventi storici d\u2019Italia<\/h2>\n<p>[\/vc_column_text][vc_column_text el_class=&#8221;testo&#8221; css=&#8221;.vc_custom_1635767161870{padding-top: 15px !important;}&#8221;]Il lavoro di recupero delle maschere storiche e delle tradizioni del territorio \u00e8 valso al <strong>Carnevale di Fermo<\/strong> il <strong>riconoscimento da parte del Ministero della Cultura di \u201cCarnevale Storico\u201d<\/strong>. Unico carnevale nelle Marche, dopo Ascoli Piceno e Fano, a ricevere questo riconoscimento.<\/p>\n<p>Questo anche grazie al coinvolgimento corale di <strong>Scuole, Contrade e Associazioni che vedono nel Carnevale un momento di festosa aggregazione<\/strong>, dove darsi da fare tutti insieme all\u2019insegna della partecipazione.<\/p>\n<p>Prima delle restrizioni Covid, la tradizione prevedeva la creazione di Carri Allegorici e Gruppi Mascherati appositamente ideati e creati tutti sul posto proprio per l\u2019occasione.<\/p>\n<p>Il percorso per la sfilata dei carri \u00e8 studiato per favorire l\u2019abbattimento del confine tra attori e spettatori. i Carri e i Gruppi che partecipano alla sfilata non percorrono una strada che da un punto li conduce ad un altro punto, ma girando su se stessi tornano indietro sullo stesso percorso incrociando altri carri e stringendosi l\u2019uno all\u2019altro e con il pubblico che partecipa alla festa.[\/vc_column_text][vc_empty_space height=&#8221;50px&#8221;][vc_column_text css=&#8221;.vc_custom_1645207687636{padding-right: 7% !important;}&#8221;]<\/p>\n<h2>Carnevale di Fermo 2022: iniziative e programma<\/h2>\n<p>[\/vc_column_text][vc_empty_space height=&#8221;15px&#8221;][vc_column_text css=&#8221;.vc_custom_1645207680862{padding-right: 7% !important;}&#8221;]<img loading=\"lazy\" decoding=\"async\" class=\"alignnone wp-image-15680 size-full\" src=\"https:\/\/www.visitfermo.it\/wp-content\/uploads\/2022\/02\/Baraonda-2022_orizzontale-1.jpg\" alt=\"\" width=\"1090\" height=\"382\" srcset=\"https:\/\/www.visitfermo.it\/wp-content\/uploads\/2022\/02\/Baraonda-2022_orizzontale-1.jpg 1090w, https:\/\/www.visitfermo.it\/wp-content\/uploads\/2022\/02\/Baraonda-2022_orizzontale-1-300x105.jpg 300w, https:\/\/www.visitfermo.it\/wp-content\/uploads\/2022\/02\/Baraonda-2022_orizzontale-1-1024x359.jpg 1024w, https:\/\/www.visitfermo.it\/wp-content\/uploads\/2022\/02\/Baraonda-2022_orizzontale-1-768x269.jpg 768w\" sizes=\"auto, (max-width: 1090px) 100vw, 1090px\" \/>[\/vc_column_text][vc_empty_space height=&#8221;15px&#8221;][vc_column_text el_class=&#8221;testo&#8221; css=&#8221;.vc_custom_1635767161870{padding-top: 15px !important;}&#8221;]In questa <strong>edizione 2022<\/strong> Fermo alza il sipario gi\u00e0 <strong>venerd\u00ec 18 febbraio<\/strong> con la <strong>presentazione del Carnevale<\/strong> a cura di Marco Renzi, con la<strong> consegna delle chiavi da parte dei sindaci<\/strong> di Fermo e Porto San Giorgio <strong>ai rispettivi Re Carnevale<\/strong> nel Gabinetto del Sindaco a Palazzo dei Priori.<\/p>\n<p>La festa prosegue poi domenica 20 febbraio con lo spettacolo I tre Porcellini al Teatro Comunale di Porto San Giorgio e <strong>gioved\u00ec 24 febbraio<\/strong> con il <strong>Teatro di Mangiafuoco \u2013 ovvero le avventure di Pinocchio al Teatro dell\u2019Aquila di Fermo.<\/strong><\/p>\n<p><strong>Domenica 27 febbraio in Piazza del Popolo a Fermo<\/strong> arriva il tanto atteso <strong>Mengone Torcicolli in uno spettacolo unico con le marionette a filo<\/strong> a seguire <strong>Musica Live con la Band After Eight<\/strong>.<\/p>\n<p><strong>Luned\u00ec 28 febbraio al Teatro dell\u2019Aquila spettacolo di light dance<\/strong>: danza aerea, giochi di luce e giocoleria con attrezzi luminosi. Si finisce Marted\u00ec 1 marzo, al Teatro Comunale di Porto San Giorgio con All\u2019incirco variet\u00e0, circo teatro a suon di comicit\u00e0, magia e&#8230;follia!<\/p>\n<p>&nbsp;<\/p>\n<p><strong>PER INFO E PRENOTAZIONI<\/strong><br \/>\nPrenotazione per <strong>spettacoli al Teatro dell\u2019Aquila<\/strong> del 24 e 28 febbraio: Biglietteria del Teatro 0734.284295 <em>(accesso con super green pass a partire dai 12 anni e mascherina FFP2 dai 6 anni)<\/em><\/p>\n<p><strong>Informazioni<\/strong>: Proscenio Teatro 335.5268147[\/vc_column_text][vc_empty_space height=&#8221;50px&#8221;]<a itemprop=\"url\" href=\"https:\/\/www.visitfermo.it\/wp-content\/uploads\/2022\/02\/Baraonda-2022-cartolina-15x15-1.pdf\" target=\"_blank\"  class=\"mkdf-btn mkdf-btn-medium mkdf-btn-solid\"  >\n    <span class=\"mkdf-btn-text\">Scarica il programma<\/span>\n    <\/a>[\/vc_column][\/vc_row]<\/p>\n<\/div>","protected":false},"excerpt":{"rendered":"<p>[vc_row][vc_column][vc_column_text el_class=&#8221;testo-intro&#8221;]Pu\u00f2 capitarti, nei giorni che si avvicinano a Carnevale, di camminare per le vie di Fermo e imbatterti improvvisamente in uno strano personaggio: testa grossa, niente barba ma folte ciglia, nasone adunco, zigomi sporgenti, orecchie ad ansa e occhi tondi tondi, quasi allucinati. Addosso, un corpetto rosso fiammante con bottoni di metallo, una giubba di panno scuro, calzoni corti, scarpe nere con grosse fibbie. Si, confermiamo: sembra proprio piombato qui da un\u2019altra epoca. L\u2019 \u2018800 per la precisione. Lui \u00e8 Mengone Torcicolli. E vederlo in giro per [&hellip;]<\/p>\n","protected":false},"author":3,"featured_media":15674,"comment_status":"open","ping_status":"open","sticky":false,"template":"","format":"standard","meta":{"_acf_changed":false,"footnotes":""},"categories":[108,113],"tags":[],"class_list":["post-14273","post","type-post","status-publish","format-standard","has-post-thumbnail","hentry","category-magazine","category-teatro-dell-aquila"],"acf":[],"yoast_head":"<!-- This site is optimized with the Yoast SEO plugin v26.5 - https:\/\/yoast.com\/wordpress\/plugins\/seo\/ -->\n<title>Il Carnevale di Fermo: storia e curiosit\u00e0 sul filo delle marionette - Visit Fermo<\/title>\n<meta name=\"robots\" content=\"index, follow, max-snippet:-1, max-image-preview:large, max-video-preview:-1\" \/>\n<link rel=\"canonical\" href=\"https:\/\/www.visitfermo.it\/it\/il-carnevale-di-fermo-storia-e-curiosita-sul-filo-delle-marionette\" \/>\n<meta property=\"og:locale\" content=\"it_IT\" \/>\n<meta property=\"og:type\" content=\"article\" \/>\n<meta property=\"og:title\" content=\"Il Carnevale di Fermo: storia e curiosit\u00e0 sul filo delle marionette - Visit Fermo\" \/>\n<meta property=\"og:description\" content=\"[vc_row][vc_column][vc_column_text el_class=&#8221;testo-intro&#8221;]Pu\u00f2 capitarti, nei giorni che si avvicinano a Carnevale, di camminare per le vie di Fermo e imbatterti improvvisamente in uno strano personaggio: testa grossa, niente barba ma folte ciglia, nasone adunco, zigomi sporgenti, orecchie ad ansa e occhi tondi tondi, quasi allucinati. Addosso, un corpetto rosso fiammante con bottoni di metallo, una giubba di panno scuro, calzoni corti, scarpe nere con grosse fibbie. Si, confermiamo: sembra proprio piombato qui da un\u2019altra epoca. L\u2019 \u2018800 per la precisione. Lui \u00e8 Mengone Torcicolli. E vederlo in giro per [&hellip;]\" \/>\n<meta property=\"og:url\" content=\"https:\/\/www.visitfermo.it\/it\/il-carnevale-di-fermo-storia-e-curiosita-sul-filo-delle-marionette\" \/>\n<meta property=\"og:site_name\" content=\"Visit Fermo\" \/>\n<meta property=\"article:publisher\" content=\"https:\/\/www.facebook.com\/VstFermo\/\" \/>\n<meta property=\"article:published_time\" content=\"2022-02-18T15:12:09+00:00\" \/>\n<meta property=\"article:modified_time\" content=\"2022-04-11T15:43:41+00:00\" \/>\n<meta property=\"og:image\" content=\"https:\/\/www.visitfermo.it\/wp-content\/uploads\/2022\/02\/Baraonda-Piazza-del-Popolo-2.jpg\" \/>\n\t<meta property=\"og:image:width\" content=\"1536\" \/>\n\t<meta property=\"og:image:height\" content=\"1152\" \/>\n\t<meta property=\"og:image:type\" content=\"image\/jpeg\" \/>\n<meta name=\"author\" content=\"Letizia\" \/>\n<meta name=\"twitter:card\" content=\"summary_large_image\" \/>\n<meta name=\"twitter:creator\" content=\"@FermoTurismo\" \/>\n<meta name=\"twitter:site\" content=\"@FermoTurismo\" \/>\n<meta name=\"twitter:label1\" content=\"Written by\" \/>\n\t<meta name=\"twitter:data1\" content=\"Letizia\" \/>\n\t<meta name=\"twitter:label2\" content=\"Est. reading time\" \/>\n\t<meta name=\"twitter:data2\" content=\"8 minutes\" \/>\n<script type=\"application\/ld+json\" class=\"yoast-schema-graph\">{\"@context\":\"https:\/\/schema.org\",\"@graph\":[{\"@type\":\"Article\",\"@id\":\"https:\/\/www.visitfermo.it\/it\/il-carnevale-di-fermo-storia-e-curiosita-sul-filo-delle-marionette#article\",\"isPartOf\":{\"@id\":\"https:\/\/www.visitfermo.it\/it\/il-carnevale-di-fermo-storia-e-curiosita-sul-filo-delle-marionette\"},\"author\":{\"name\":\"Letizia\",\"@id\":\"https:\/\/www.visitfermo.it\/it\/#\/schema\/person\/7af357c11ac81cbaf74c4e01eccf6058\"},\"headline\":\"Il Carnevale di Fermo: storia e curiosit\u00e0 sul filo delle marionette\",\"datePublished\":\"2022-02-18T15:12:09+00:00\",\"dateModified\":\"2022-04-11T15:43:41+00:00\",\"mainEntityOfPage\":{\"@id\":\"https:\/\/www.visitfermo.it\/it\/il-carnevale-di-fermo-storia-e-curiosita-sul-filo-delle-marionette\"},\"wordCount\":1385,\"commentCount\":0,\"publisher\":{\"@id\":\"https:\/\/www.visitfermo.it\/it\/#organization\"},\"image\":{\"@id\":\"https:\/\/www.visitfermo.it\/it\/il-carnevale-di-fermo-storia-e-curiosita-sul-filo-delle-marionette#primaryimage\"},\"thumbnailUrl\":\"https:\/\/www.visitfermo.it\/wp-content\/uploads\/2022\/02\/Baraonda-Piazza-del-Popolo-2.jpg\",\"articleSection\":[\"Magazine\",\"Teatro dell'Aquila\"],\"inLanguage\":\"it\",\"potentialAction\":[{\"@type\":\"CommentAction\",\"name\":\"Comment\",\"target\":[\"https:\/\/www.visitfermo.it\/it\/il-carnevale-di-fermo-storia-e-curiosita-sul-filo-delle-marionette#respond\"]}]},{\"@type\":\"WebPage\",\"@id\":\"https:\/\/www.visitfermo.it\/it\/il-carnevale-di-fermo-storia-e-curiosita-sul-filo-delle-marionette\",\"url\":\"https:\/\/www.visitfermo.it\/it\/il-carnevale-di-fermo-storia-e-curiosita-sul-filo-delle-marionette\",\"name\":\"Il Carnevale di Fermo: storia e curiosit\u00e0 sul filo delle marionette - Visit Fermo\",\"isPartOf\":{\"@id\":\"https:\/\/www.visitfermo.it\/it\/#website\"},\"primaryImageOfPage\":{\"@id\":\"https:\/\/www.visitfermo.it\/it\/il-carnevale-di-fermo-storia-e-curiosita-sul-filo-delle-marionette#primaryimage\"},\"image\":{\"@id\":\"https:\/\/www.visitfermo.it\/it\/il-carnevale-di-fermo-storia-e-curiosita-sul-filo-delle-marionette#primaryimage\"},\"thumbnailUrl\":\"https:\/\/www.visitfermo.it\/wp-content\/uploads\/2022\/02\/Baraonda-Piazza-del-Popolo-2.jpg\",\"datePublished\":\"2022-02-18T15:12:09+00:00\",\"dateModified\":\"2022-04-11T15:43:41+00:00\",\"breadcrumb\":{\"@id\":\"https:\/\/www.visitfermo.it\/it\/il-carnevale-di-fermo-storia-e-curiosita-sul-filo-delle-marionette#breadcrumb\"},\"inLanguage\":\"it\",\"potentialAction\":[{\"@type\":\"ReadAction\",\"target\":[\"https:\/\/www.visitfermo.it\/it\/il-carnevale-di-fermo-storia-e-curiosita-sul-filo-delle-marionette\"]}]},{\"@type\":\"ImageObject\",\"inLanguage\":\"it\",\"@id\":\"https:\/\/www.visitfermo.it\/it\/il-carnevale-di-fermo-storia-e-curiosita-sul-filo-delle-marionette#primaryimage\",\"url\":\"https:\/\/www.visitfermo.it\/wp-content\/uploads\/2022\/02\/Baraonda-Piazza-del-Popolo-2.jpg\",\"contentUrl\":\"https:\/\/www.visitfermo.it\/wp-content\/uploads\/2022\/02\/Baraonda-Piazza-del-Popolo-2.jpg\",\"width\":1536,\"height\":1152},{\"@type\":\"BreadcrumbList\",\"@id\":\"https:\/\/www.visitfermo.it\/it\/il-carnevale-di-fermo-storia-e-curiosita-sul-filo-delle-marionette#breadcrumb\",\"itemListElement\":[{\"@type\":\"ListItem\",\"position\":1,\"name\":\"Home\",\"item\":\"https:\/\/www.visitfermo.it\/it\"},{\"@type\":\"ListItem\",\"position\":2,\"name\":\"Il Carnevale di Fermo: storia e curiosit\u00e0 sul filo delle marionette\"}]},{\"@type\":\"WebSite\",\"@id\":\"https:\/\/www.visitfermo.it\/it\/#website\",\"url\":\"https:\/\/www.visitfermo.it\/it\/\",\"name\":\"Visit Fermo\",\"description\":\"Fermo a place for me\",\"publisher\":{\"@id\":\"https:\/\/www.visitfermo.it\/it\/#organization\"},\"potentialAction\":[{\"@type\":\"SearchAction\",\"target\":{\"@type\":\"EntryPoint\",\"urlTemplate\":\"https:\/\/www.visitfermo.it\/it\/?s={search_term_string}\"},\"query-input\":{\"@type\":\"PropertyValueSpecification\",\"valueRequired\":true,\"valueName\":\"search_term_string\"}}],\"inLanguage\":\"it\"},{\"@type\":\"Organization\",\"@id\":\"https:\/\/www.visitfermo.it\/it\/#organization\",\"name\":\"Visit Fermo\",\"url\":\"https:\/\/www.visitfermo.it\/it\/\",\"logo\":{\"@type\":\"ImageObject\",\"inLanguage\":\"it\",\"@id\":\"https:\/\/www.visitfermo.it\/it\/#\/schema\/logo\/image\/\",\"url\":\"https:\/\/www.visitfermo.it\/wp-content\/uploads\/2018\/02\/logo-fermo-a-place-for-me-giallo.png\",\"contentUrl\":\"https:\/\/www.visitfermo.it\/wp-content\/uploads\/2018\/02\/logo-fermo-a-place-for-me-giallo.png\",\"width\":453,\"height\":230,\"caption\":\"Visit Fermo\"},\"image\":{\"@id\":\"https:\/\/www.visitfermo.it\/it\/#\/schema\/logo\/image\/\"},\"sameAs\":[\"https:\/\/www.facebook.com\/VstFermo\/\",\"https:\/\/x.com\/FermoTurismo\",\"https:\/\/www.instagram.com\/visitfermo\/\",\"https:\/\/www.youtube.com\/c\/VisitFermo\"]},{\"@type\":\"Person\",\"@id\":\"https:\/\/www.visitfermo.it\/it\/#\/schema\/person\/7af357c11ac81cbaf74c4e01eccf6058\",\"name\":\"Letizia\",\"image\":{\"@type\":\"ImageObject\",\"inLanguage\":\"it\",\"@id\":\"https:\/\/www.visitfermo.it\/it\/#\/schema\/person\/image\/\",\"url\":\"https:\/\/secure.gravatar.com\/avatar\/bcc958eefe0bdebfbadf88b253cbcb380e3648653aa07a92dce3703eae1bda06?s=96&d=mm&r=g\",\"contentUrl\":\"https:\/\/secure.gravatar.com\/avatar\/bcc958eefe0bdebfbadf88b253cbcb380e3648653aa07a92dce3703eae1bda06?s=96&d=mm&r=g\",\"caption\":\"Letizia\"}}]}<\/script>\n<!-- \/ Yoast SEO plugin. -->","yoast_head_json":{"title":"Il Carnevale di Fermo: storia e curiosit\u00e0 sul filo delle marionette - Visit Fermo","robots":{"index":"index","follow":"follow","max-snippet":"max-snippet:-1","max-image-preview":"max-image-preview:large","max-video-preview":"max-video-preview:-1"},"canonical":"https:\/\/www.visitfermo.it\/it\/il-carnevale-di-fermo-storia-e-curiosita-sul-filo-delle-marionette","og_locale":"it_IT","og_type":"article","og_title":"Il Carnevale di Fermo: storia e curiosit\u00e0 sul filo delle marionette - Visit Fermo","og_description":"[vc_row][vc_column][vc_column_text el_class=&#8221;testo-intro&#8221;]Pu\u00f2 capitarti, nei giorni che si avvicinano a Carnevale, di camminare per le vie di Fermo e imbatterti improvvisamente in uno strano personaggio: testa grossa, niente barba ma folte ciglia, nasone adunco, zigomi sporgenti, orecchie ad ansa e occhi tondi tondi, quasi allucinati. Addosso, un corpetto rosso fiammante con bottoni di metallo, una giubba di panno scuro, calzoni corti, scarpe nere con grosse fibbie. Si, confermiamo: sembra proprio piombato qui da un\u2019altra epoca. L\u2019 \u2018800 per la precisione. Lui \u00e8 Mengone Torcicolli. E vederlo in giro per [&hellip;]","og_url":"https:\/\/www.visitfermo.it\/it\/il-carnevale-di-fermo-storia-e-curiosita-sul-filo-delle-marionette","og_site_name":"Visit Fermo","article_publisher":"https:\/\/www.facebook.com\/VstFermo\/","article_published_time":"2022-02-18T15:12:09+00:00","article_modified_time":"2022-04-11T15:43:41+00:00","og_image":[{"width":1536,"height":1152,"url":"https:\/\/www.visitfermo.it\/wp-content\/uploads\/2022\/02\/Baraonda-Piazza-del-Popolo-2.jpg","type":"image\/jpeg"}],"author":"Letizia","twitter_card":"summary_large_image","twitter_creator":"@FermoTurismo","twitter_site":"@FermoTurismo","twitter_misc":{"Written by":"Letizia","Est. reading time":"8 minutes"},"schema":{"@context":"https:\/\/schema.org","@graph":[{"@type":"Article","@id":"https:\/\/www.visitfermo.it\/it\/il-carnevale-di-fermo-storia-e-curiosita-sul-filo-delle-marionette#article","isPartOf":{"@id":"https:\/\/www.visitfermo.it\/it\/il-carnevale-di-fermo-storia-e-curiosita-sul-filo-delle-marionette"},"author":{"name":"Letizia","@id":"https:\/\/www.visitfermo.it\/it\/#\/schema\/person\/7af357c11ac81cbaf74c4e01eccf6058"},"headline":"Il Carnevale di Fermo: storia e curiosit\u00e0 sul filo delle marionette","datePublished":"2022-02-18T15:12:09+00:00","dateModified":"2022-04-11T15:43:41+00:00","mainEntityOfPage":{"@id":"https:\/\/www.visitfermo.it\/it\/il-carnevale-di-fermo-storia-e-curiosita-sul-filo-delle-marionette"},"wordCount":1385,"commentCount":0,"publisher":{"@id":"https:\/\/www.visitfermo.it\/it\/#organization"},"image":{"@id":"https:\/\/www.visitfermo.it\/it\/il-carnevale-di-fermo-storia-e-curiosita-sul-filo-delle-marionette#primaryimage"},"thumbnailUrl":"https:\/\/www.visitfermo.it\/wp-content\/uploads\/2022\/02\/Baraonda-Piazza-del-Popolo-2.jpg","articleSection":["Magazine","Teatro dell'Aquila"],"inLanguage":"it","potentialAction":[{"@type":"CommentAction","name":"Comment","target":["https:\/\/www.visitfermo.it\/it\/il-carnevale-di-fermo-storia-e-curiosita-sul-filo-delle-marionette#respond"]}]},{"@type":"WebPage","@id":"https:\/\/www.visitfermo.it\/it\/il-carnevale-di-fermo-storia-e-curiosita-sul-filo-delle-marionette","url":"https:\/\/www.visitfermo.it\/it\/il-carnevale-di-fermo-storia-e-curiosita-sul-filo-delle-marionette","name":"Il Carnevale di Fermo: storia e curiosit\u00e0 sul filo delle marionette - Visit Fermo","isPartOf":{"@id":"https:\/\/www.visitfermo.it\/it\/#website"},"primaryImageOfPage":{"@id":"https:\/\/www.visitfermo.it\/it\/il-carnevale-di-fermo-storia-e-curiosita-sul-filo-delle-marionette#primaryimage"},"image":{"@id":"https:\/\/www.visitfermo.it\/it\/il-carnevale-di-fermo-storia-e-curiosita-sul-filo-delle-marionette#primaryimage"},"thumbnailUrl":"https:\/\/www.visitfermo.it\/wp-content\/uploads\/2022\/02\/Baraonda-Piazza-del-Popolo-2.jpg","datePublished":"2022-02-18T15:12:09+00:00","dateModified":"2022-04-11T15:43:41+00:00","breadcrumb":{"@id":"https:\/\/www.visitfermo.it\/it\/il-carnevale-di-fermo-storia-e-curiosita-sul-filo-delle-marionette#breadcrumb"},"inLanguage":"it","potentialAction":[{"@type":"ReadAction","target":["https:\/\/www.visitfermo.it\/it\/il-carnevale-di-fermo-storia-e-curiosita-sul-filo-delle-marionette"]}]},{"@type":"ImageObject","inLanguage":"it","@id":"https:\/\/www.visitfermo.it\/it\/il-carnevale-di-fermo-storia-e-curiosita-sul-filo-delle-marionette#primaryimage","url":"https:\/\/www.visitfermo.it\/wp-content\/uploads\/2022\/02\/Baraonda-Piazza-del-Popolo-2.jpg","contentUrl":"https:\/\/www.visitfermo.it\/wp-content\/uploads\/2022\/02\/Baraonda-Piazza-del-Popolo-2.jpg","width":1536,"height":1152},{"@type":"BreadcrumbList","@id":"https:\/\/www.visitfermo.it\/it\/il-carnevale-di-fermo-storia-e-curiosita-sul-filo-delle-marionette#breadcrumb","itemListElement":[{"@type":"ListItem","position":1,"name":"Home","item":"https:\/\/www.visitfermo.it\/it"},{"@type":"ListItem","position":2,"name":"Il Carnevale di Fermo: storia e curiosit\u00e0 sul filo delle marionette"}]},{"@type":"WebSite","@id":"https:\/\/www.visitfermo.it\/it\/#website","url":"https:\/\/www.visitfermo.it\/it\/","name":"Visit Fermo","description":"Fermo a place for me","publisher":{"@id":"https:\/\/www.visitfermo.it\/it\/#organization"},"potentialAction":[{"@type":"SearchAction","target":{"@type":"EntryPoint","urlTemplate":"https:\/\/www.visitfermo.it\/it\/?s={search_term_string}"},"query-input":{"@type":"PropertyValueSpecification","valueRequired":true,"valueName":"search_term_string"}}],"inLanguage":"it"},{"@type":"Organization","@id":"https:\/\/www.visitfermo.it\/it\/#organization","name":"Visit Fermo","url":"https:\/\/www.visitfermo.it\/it\/","logo":{"@type":"ImageObject","inLanguage":"it","@id":"https:\/\/www.visitfermo.it\/it\/#\/schema\/logo\/image\/","url":"https:\/\/www.visitfermo.it\/wp-content\/uploads\/2018\/02\/logo-fermo-a-place-for-me-giallo.png","contentUrl":"https:\/\/www.visitfermo.it\/wp-content\/uploads\/2018\/02\/logo-fermo-a-place-for-me-giallo.png","width":453,"height":230,"caption":"Visit Fermo"},"image":{"@id":"https:\/\/www.visitfermo.it\/it\/#\/schema\/logo\/image\/"},"sameAs":["https:\/\/www.facebook.com\/VstFermo\/","https:\/\/x.com\/FermoTurismo","https:\/\/www.instagram.com\/visitfermo\/","https:\/\/www.youtube.com\/c\/VisitFermo"]},{"@type":"Person","@id":"https:\/\/www.visitfermo.it\/it\/#\/schema\/person\/7af357c11ac81cbaf74c4e01eccf6058","name":"Letizia","image":{"@type":"ImageObject","inLanguage":"it","@id":"https:\/\/www.visitfermo.it\/it\/#\/schema\/person\/image\/","url":"https:\/\/secure.gravatar.com\/avatar\/bcc958eefe0bdebfbadf88b253cbcb380e3648653aa07a92dce3703eae1bda06?s=96&d=mm&r=g","contentUrl":"https:\/\/secure.gravatar.com\/avatar\/bcc958eefe0bdebfbadf88b253cbcb380e3648653aa07a92dce3703eae1bda06?s=96&d=mm&r=g","caption":"Letizia"}}]}},"_links":{"self":[{"href":"https:\/\/www.visitfermo.it\/it\/wp-json\/wp\/v2\/posts\/14273","targetHints":{"allow":["GET"]}}],"collection":[{"href":"https:\/\/www.visitfermo.it\/it\/wp-json\/wp\/v2\/posts"}],"about":[{"href":"https:\/\/www.visitfermo.it\/it\/wp-json\/wp\/v2\/types\/post"}],"author":[{"embeddable":true,"href":"https:\/\/www.visitfermo.it\/it\/wp-json\/wp\/v2\/users\/3"}],"replies":[{"embeddable":true,"href":"https:\/\/www.visitfermo.it\/it\/wp-json\/wp\/v2\/comments?post=14273"}],"version-history":[{"count":22,"href":"https:\/\/www.visitfermo.it\/it\/wp-json\/wp\/v2\/posts\/14273\/revisions"}],"predecessor-version":[{"id":18577,"href":"https:\/\/www.visitfermo.it\/it\/wp-json\/wp\/v2\/posts\/14273\/revisions\/18577"}],"wp:featuredmedia":[{"embeddable":true,"href":"https:\/\/www.visitfermo.it\/it\/wp-json\/wp\/v2\/media\/15674"}],"wp:attachment":[{"href":"https:\/\/www.visitfermo.it\/it\/wp-json\/wp\/v2\/media?parent=14273"}],"wp:term":[{"taxonomy":"category","embeddable":true,"href":"https:\/\/www.visitfermo.it\/it\/wp-json\/wp\/v2\/categories?post=14273"},{"taxonomy":"post_tag","embeddable":true,"href":"https:\/\/www.visitfermo.it\/it\/wp-json\/wp\/v2\/tags?post=14273"}],"curies":[{"name":"wp","href":"https:\/\/api.w.org\/{rel}","templated":true}]}}