{"id":21160,"global_id":"www.visitfermo.it\/it?id=21160","global_id_lineage":["www.visitfermo.it\/it?id=21160"],"author":"3","status":"publish","date":"2022-12-04 16:52:57","date_utc":"2022-12-04 15:52:57","modified":"2022-12-04 17:11:44","modified_utc":"2022-12-04 16:11:44","url":"https:\/\/www.visitfermo.it\/it\/eventi\/andrea-bacci","rest_url":"https:\/\/www.visitfermo.it\/it\/wp-json\/tribe\/events\/v1\/events\/21160","title":"Andrea Bacci","description":"<p>Si terr\u00e0 luned\u00ec 5 dicembre 2022 l&#8217;inaugurazione della mostra dei libri di Andrea Bacci conservati nella Biblioteca Civica di Fermo.<\/p>\n<p><strong>Andrea Bacci<\/strong> (1524-1600), medico, naturalista, botanico, storico e ingegnere di Sant\u2019Elpidio a Mare, costruisce la sua carriera a Roma, nella seconda met\u00e0 del Cinquecento, frequentando corti cardinalizie e insegnando botanica all\u2019universit\u00e0, fino a diventare archiatra pontificio con Sisto V (1585-90), suo conterraneo e gi\u00e0 vescovo di Fermo dal 1571 al 1577.<\/p>\n<p>A lui si devono circa venti opere di idrologia, enologia, farmacologia, mineralogia, zoologia e storia, tra le quali spiccano due enciclopedie, l\u2019una sulle acque e l\u2019altra sui vini, intitolate rispettivamente <em>De thermis<\/em> e <em>De naturali vinorum historia<\/em>. Entrambe in sette libri, trattano la rispettiva materia in tutte le forme e in tutto il mondo, nell\u2019uso dietetico e medico, nel Cinquecento e nell\u2019antichit\u00e0, rappresentando un riferimento fondamentale per la conoscenza dei territori nel passato, delle loro caratteristiche idrogeologiche e fragilit\u00e0, tra cui le inondazioni fluviali per le quali suggerisce sistemi di controllo, delle loro pratiche di coltivazione e di trasformazione dei prodotti. Lo sguardo di Bacci \u00e8 universale, ma un\u2019attenzione particolare \u00e8 riservata alla sua terra, il Piceno, con la quale conserva un legame che non si attenua nel tempo.<\/p>\n<p>Quando \u00e8 gi\u00e0 cittadino romano, Bacci scrive nel 1576 la storia della citt\u00e0 d\u2019origine, Sant\u2019Elpidio a Mare, che identifica con l\u2019antica Cluana, pubblicata postuma nel 1692. Qui parla delle vicende del passato, ma anche del presente: il territorio, le attivit\u00e0 e gli abitanti, compresa la sua famiglia che nobilita, ma che \u00e8 di recente immigrazione.<\/p>\n<p>Il nonno paterno Andrea era arrivato nelle Marche dalla Lombardia, tra le maestranze che lavoravano per l\u2019architetto fiorentino Baccio Pontelli (ca. 1450-1494), famoso per la rocca di Senigallia e impegnato nella costruzione o consolidamento delle fortificazioni di Osimo, Offida, Recanati o Loreto.<\/p>\n<p>In onore al grande maestro fiorentino, il padre Antonio aveva assunto il nome di Baccio o Bacci e si era trasferito a Sant\u2019Elpidio a Mare, dove lavora nell\u2019edilizia e possiede una fornace che gli fornisce il materiale, con un ettaro di terreno. Qui sposa una giovane, nipote di un greco bizantino che vi si era rifugiato da qualche tempo, in fuga da Costantinopoli dopo la conquista da parte dei Turchi.<\/p>\n<p>PROGRAMMA<br \/>\nInterventi di: Rosa Marisa Borraccini, Universit\u00e0 degli Studi di Macerata<br \/>\nStefania Fortuna, Universit\u00e0 Politecnica delle Marche<\/p>","excerpt":"<p>Mostra aperta dal lunedi al venerdi 8.30-13.45 e 15.15-18.45. Sabato ore 8.30-13.45<\/p>","slug":"andrea-bacci","image":{"url":"https:\/\/www.visitfermo.it\/wp-content\/uploads\/2022\/12\/mostra_Fermo_Andrea_Bacci_pages-to-jpg-0001.jpg","id":21161,"extension":"jpg","width":591,"height":1182,"sizes":{"medium":{"width":150,"height":300,"mime-type":"image\/jpeg","url":"https:\/\/www.visitfermo.it\/wp-content\/uploads\/2022\/12\/mostra_Fermo_Andrea_Bacci_pages-to-jpg-0001-150x300.jpg"},"large":{"width":512,"height":1024,"mime-type":"image\/jpeg","url":"https:\/\/www.visitfermo.it\/wp-content\/uploads\/2022\/12\/mostra_Fermo_Andrea_Bacci_pages-to-jpg-0001-512x1024.jpg"},"thumbnail":{"width":550,"height":550,"mime-type":"image\/jpeg","url":"https:\/\/www.visitfermo.it\/wp-content\/uploads\/2022\/12\/mostra_Fermo_Andrea_Bacci_pages-to-jpg-0001-550x550.jpg"},"wanderers_mkdf_square":{"width":550,"height":550,"mime-type":"image\/jpeg","url":"https:\/\/www.visitfermo.it\/wp-content\/uploads\/2022\/12\/mostra_Fermo_Andrea_Bacci_pages-to-jpg-0001-550x550.jpg"},"wanderers_mkdf_landscape":{"width":591,"height":550,"mime-type":"image\/jpeg","url":"https:\/\/www.visitfermo.it\/wp-content\/uploads\/2022\/12\/mostra_Fermo_Andrea_Bacci_pages-to-jpg-0001-591x550.jpg"},"wanderers_mkdf_portrait":{"width":550,"height":1100,"mime-type":"image\/jpeg","url":"https:\/\/www.visitfermo.it\/wp-content\/uploads\/2022\/12\/mostra_Fermo_Andrea_Bacci_pages-to-jpg-0001-550x1100.jpg"},"wanderers_mkdf_huge":{"width":591,"height":1100,"mime-type":"image\/jpeg","url":"https:\/\/www.visitfermo.it\/wp-content\/uploads\/2022\/12\/mostra_Fermo_Andrea_Bacci_pages-to-jpg-0001-591x1100.jpg"}}},"all_day":false,"start_date":"2022-12-05 16:00:00","start_date_details":{"year":"2022","month":"12","day":"05","hour":"16","minutes":"00","seconds":"00"},"end_date":"2023-01-14 18:00:00","end_date_details":{"year":"2023","month":"01","day":"14","hour":"18","minutes":"00","seconds":"00"},"utc_start_date":"2022-12-05 15:00:00","utc_start_date_details":{"year":"2022","month":"12","day":"05","hour":"15","minutes":"00","seconds":"00"},"utc_end_date":"2023-01-14 17:00:00","utc_end_date_details":{"year":"2023","month":"01","day":"14","hour":"17","minutes":"00","seconds":"00"},"timezone":"UTC+1","timezone_abbr":"UTC+1","cost":"","cost_details":{"currency_symbol":"","currency_code":"","currency_position":"prefix","values":[]},"website":"","show_map":true,"show_map_link":true,"hide_from_listings":false,"sticky":false,"featured":false,"categories":[{"name":"Mostre","slug":"mostre","term_group":0,"term_taxonomy_id":105,"taxonomy":"tribe_events_cat","description":"","parent":0,"count":290,"filter":"raw","id":105,"urls":{"self":"https:\/\/www.visitfermo.it\/it\/wp-json\/tribe\/events\/v1\/categories\/105","collection":"https:\/\/www.visitfermo.it\/it\/wp-json\/tribe\/events\/v1\/categories"}}],"tags":[],"venue":{"id":3024,"author":"3","status":"publish","date":"2021-07-17 14:38:36","date_utc":"2021-07-17 14:38:36","modified":"2021-09-23 18:41:57","modified_utc":"2021-09-23 18:41:57","url":"https:\/\/www.visitfermo.it\/it\/venue\/centro-storico","venue":"Centro storico","slug":"centro-storico","address":"Piazza del Popolo, 1","city":"Fermo","country":"Italia","province":"FM","zip":"63900","stateprovince":"FM","json_ld":{"@type":"Place","name":"Centro storico","description":"","url":"https:\/\/www.visitfermo.it\/it\/venue\/centro-storico","address":{"@type":"PostalAddress","streetAddress":"Piazza del Popolo, 1","addressLocality":"Fermo","addressRegion":"FM","postalCode":"63900","addressCountry":"Italia"},"telephone":"","sameAs":""},"show_map":true,"show_map_link":true,"global_id":"www.visitfermo.it\/it?id=3024","global_id_lineage":["www.visitfermo.it\/it?id=3024"]},"organizer":[],"custom_fields":[],"json_ld":{"@context":"http:\/\/schema.org","@type":"Event","name":"Andrea Bacci","description":"&lt;p&gt;Mostra aperta dal lunedi al venerdi 8.30-13.45 e 15.15-18.45. Sabato ore 8.30-13.45&lt;\/p&gt;\\n","image":"https:\/\/www.visitfermo.it\/wp-content\/uploads\/2022\/12\/mostra_Fermo_Andrea_Bacci_pages-to-jpg-0001.jpg","url":"https:\/\/www.visitfermo.it\/it\/eventi\/andrea-bacci\/","eventAttendanceMode":"https:\/\/schema.org\/OfflineEventAttendanceMode","eventStatus":"https:\/\/schema.org\/EventScheduled","startDate":"2022-12-05T16:00:00+01:00","endDate":"2023-01-14T18:00:00+01:00","location":{"@type":"Place","name":"Centro storico","description":"","url":"https:\/\/www.visitfermo.it\/it\/venue\/centro-storico","address":{"@type":"PostalAddress","streetAddress":"Piazza del Popolo, 1","addressLocality":"Fermo","addressRegion":"FM","postalCode":"63900","addressCountry":"Italia"},"telephone":"","sameAs":""},"performer":"Organization"},"is_virtual":false,"virtual_url":null,"virtual_video_source":""}