{"id":8550,"date":"2021-11-01T11:09:33","date_gmt":"2021-11-01T11:09:33","guid":{"rendered":"https:\/\/visitfermo.it\/torre-di-palme-fermo-il-borgo-sospeso-tra-mare-e-cielo-copy"},"modified":"2022-04-11T16:47:58","modified_gmt":"2022-04-11T15:47:58","slug":"la-ricetta-fermana-dello-stocco-con-patate","status":"publish","type":"post","link":"https:\/\/www.visitfermo.it\/en\/la-ricetta-fermana-dello-stocco-con-patate","title":{"rendered":"Stoccafisso alla Nas\u00f2: la ricetta fermana dello stocco con patate"},"content":{"rendered":"<div class=\"wpb-content-wrapper\"><p>[vc_row][vc_column][vc_column_text el_class=&#8221;testo-intro&#8221;]Un luogo, la Fermanella (ancora oggi esistente lungo le Mura di via Crollalanza) e un nome: Peppe (Giuseppe) Spagnoli, per tutti Nas\u00f2. Ecco come inizia la storia dello <strong>stoccafisso alla fermana<\/strong>.<\/p>\n<p>Lo <strong>stoccafisso alla Nas\u00f2 <\/strong>\u00e8 una delle <strong>ricette tipiche<\/strong> <strong>del territorio di Fermo<\/strong>; era cotto nella maniera tradizionale, con le patate, su un letto di canne per consentire un cucina lenta, che evitava il rischio di farlo bruciare. E porta con s\u00e9 non solamente metodi e tecniche specifiche, ma anche usanze radicate nella comunit\u00e0 e trasmesse socialmente come un valore tra le generazioni.<\/p>\n<p>Ma <strong>cos\u2019\u00e8 lo staccafisso<\/strong>? Come \u00e8 arrivato a Fermo e cosa prevede la sua <strong>ricetta tradizionale<\/strong>?<\/p>\n<p>Accendi i fornelli e prepara il palato: sta per iniziare il tuo viaggio nel mondo dello <strong>stocco con patate<\/strong>![\/vc_column_text][vc_empty_space height=&#8221;50px&#8221;][vc_column_text css=&#8221;.vc_custom_1635765167383{padding-right: 7% !important;}&#8221;]<\/p>\n<h2>Che differenza c\u2019\u00e8 tra baccal\u00e0 e stoccafisso?<\/h2>\n<p>[\/vc_column_text][vc_column_text el_class=&#8221;testo&#8221; css=&#8221;.vc_custom_1635765195211{padding-top: 15px !important;}&#8221;]Sappiamo che te lo se chiesto\u2026<\/p>\n<p>Quindi prima di immergerci nella preparazione dello stoccafisso con le patate alla fermana, facciamo un po\u2019 di chiarezza: <strong>baccal\u00e0 e stoccafisso non sono la stessa cosa<\/strong>.<\/p>\n<p>O meglio, la materia prima \u00e8 sempre la stessa, il merluzzo nordico bianco (<em>gadus morhua<\/em>), ma <strong>il metodo di conservazione \u00e8 totalmente diverso<\/strong>: il baccal\u00e0 infatti \u00e8 conservato sotto sale, mentre <strong>lo stoccafisso \u00e8 essiccato<\/strong>.<\/p>\n<p><strong>Lo stoccafisso<\/strong> quindi <strong>\u00e8 un prodotto naturale al 100%<\/strong>: questo pesce vive libero nel suo ambiente naturale e subisce le trasformazioni senza uso di tecnologia (a parte la refrigerazione) e di coadiuvanti chimici. Il pesce viene essiccato all\u2019aperto, grazie all\u2019azione del sole e del vento, su apposite rastrelliere.[\/vc_column_text][vc_empty_space height=&#8221;30px&#8221;]<div class=\"mkdf-single-image-holder   \">\n    <div class=\"mkdf-si-inner\" >\n                                    <img loading=\"lazy\" decoding=\"async\" width=\"1920\" height=\"1280\" src=\"https:\/\/www.visitfermo.it\/wp-content\/uploads\/2018\/02\/Stoccafisso-essiccazione.jpg\" class=\"attachment-full size-full\" alt=\"\" srcset=\"https:\/\/www.visitfermo.it\/wp-content\/uploads\/2018\/02\/Stoccafisso-essiccazione.jpg 1920w, https:\/\/www.visitfermo.it\/wp-content\/uploads\/2018\/02\/Stoccafisso-essiccazione-300x200.jpg 300w, https:\/\/www.visitfermo.it\/wp-content\/uploads\/2018\/02\/Stoccafisso-essiccazione-1024x683.jpg 1024w, https:\/\/www.visitfermo.it\/wp-content\/uploads\/2018\/02\/Stoccafisso-essiccazione-768x512.jpg 768w, https:\/\/www.visitfermo.it\/wp-content\/uploads\/2018\/02\/Stoccafisso-essiccazione-1536x1024.jpg 1536w\" sizes=\"auto, (max-width: 1920px) 100vw, 1920px\" \/>                        <\/div>\n<\/div>[vc_empty_space height=&#8221;50px&#8221;][vc_column_text css=&#8221;.vc_custom_1635765243470{padding-right: 7% !important;}&#8221;]<\/p>\n<h2>Come cucinare lo stoccafisso con patate alla fermana: ecco la ricetta<\/h2>\n<p>[\/vc_column_text][vc_column_text el_class=&#8221;testo&#8221; css=&#8221;.vc_custom_1635780943034{padding-top: 15px !important;}&#8221;]<em>Ricetta Fermana dello storico ristorante \u201cDa Nas\u00f2\u201d, Chef\u00a0 Guido Gennaro<\/em><\/p>\n<p>&nbsp;<\/p>\n<p><strong>INGREDIENTI (per 4 persone)<\/strong><br \/>\n1 kg di stoccafisso<br \/>\n1 kg di patate rosse di Colfiorito<br \/>\n100 grammi di alici sottosale (rosse di Spagna)<br \/>\n50 grammi di capperi sott\u2019aceto<br \/>\n\u00bc di litro di olio<br \/>\n\u00bc di litro di latte intero<br \/>\n\u00bc di litro di vino bianco<br \/>\n70 o 80 grammi di olive verdi snocciolate<br \/>\n1 o 2 carote<br \/>\n1 o 2 coste di sedano<br \/>\n50 grammi di burro<br \/>\n2 o 3 pomodori pelati<br \/>\nSale, pepe e peperoncino q.b.<\/p>\n<p>Canne secche che devono essere spaccate per una pentola di diametro abbastanza ampio, in modo che occupino tutta la base<\/p>\n<p>&nbsp;<\/p>\n<p><strong>PREPARAZIONE<\/strong><br \/>\n<img decoding=\"async\" style=\"float: right; max-height: 300px; margin-left: 30px; margin-bottom: 30px;\" src=\"https:\/\/www.visitfermo.it\/wp-content\/uploads\/2018\/02\/Stoccafisso-cottura.jpg\" \/><\/p>\n<p>Tagliare le patate a spicchi grandi e lo stoccafisso in porzioni.<\/p>\n<p>Lavare le alici, il sedano e le carote e tritarle grossolanamente, sgocciolare i capperi.<\/p>\n<p>Unire il tutto: alici, capperi, sedano, carote, olive (se grandi tagliarle a met\u00e0), pomodori, sale, pepe, peperoncino e vino.<\/p>\n<p>Sulla base delle canne mettere uno strato di spicchi di patate poi uno strato di stoccafisso gi\u00e0 tagliato e mescolato nella salsa. Aggiungere ancora uno strato di spicchi di patate coprendo tutta la base.<\/p>\n<p>Versare l\u2019olio, il latte ed il burro sbriciolato (non mescolare mai).<\/p>\n<p>Far cuocere per circa tre ore a bollore lento con il coperchio sulla pentola, poi togliere il coperchio e continuare la cottura per un\u2019altra ora circa. Controllare che il liquido evapori \u201cquasi\u201d completamente.<\/p>\n<p>Nel preparare i piatti \u00e8 consigliabile, per evitare che lo stoccafisso si sbricioli, togliere le patate superiori e metterle nei piatti e poi aggiungere la porzione di stoccafisso per regolarsi con le patate sottostanti.[\/vc_column_text][vc_empty_space height=&#8221;50px&#8221;][vc_column_text css=&#8221;.vc_custom_1635765409020{padding-right: 7% !important;}&#8221;]<\/p>\n<h2>L\u2019Accademia dello Stoccafisso alla Fermana<\/h2>\n<p>[\/vc_column_text][vc_column_text el_class=&#8221;testo&#8221; css=&#8221;.vc_custom_1635765431513{padding-top: 15px !important;}&#8221;]A difesa della <strong>tradizione culinaria pluri-centenaria dello staccafisso<\/strong>, nel 2018 \u00e8 nata <strong>l\u2019Accademia dello Stoccafisso alla Fermana.<\/strong><\/p>\n<p>L\u2019Associazione vuole tutelare il consumo e la preparazione dello stoccafisso alla fermana, la sua promozione tra la popolazione locale e tra le genti di tutto il mondo, e la diffusione di questa espressione della fermanit\u00e0 e della buona cucina.[\/vc_column_text][vc_empty_space height=&#8221;30px&#8221;]<div class=\"mkdf-single-image-holder   \">\n    <div class=\"mkdf-si-inner\" >\n                                    <img loading=\"lazy\" decoding=\"async\" src=\"https:\/\/www.visitfermo.it\/wp-content\/uploads\/2021\/11\/Logo-accademia-dello-stoccafisso-alla-fermana-200x200.jpg\" alt=\"\" width=\"200\" height=\"200\" \/>                        <\/div>\n<\/div>[vc_empty_space height=&#8221;50px&#8221;][vc_column_text css=&#8221;.vc_custom_1635780702036{padding-right: 7% !important;}&#8221;]<\/p>\n<h2>Lo stoccafisso: la storia del lungo viaggio dai mari del nord al Mediterraneo<\/h2>\n<p>[\/vc_column_text][vc_column_text el_class=&#8221;testo&#8221; css=&#8221;.vc_custom_1635767161870{padding-top: 15px !important;}&#8221;]Lo<strong> stoccafisso <\/strong>come \u00e8 diventato un <strong>elemento principe della cultura culinaria della zona di Fermo<\/strong>?<\/p>\n<p>Per scoprirlo bisogna fare un salto indietro nel tempo e ricordare <strong>i rapporti fiorenti che la citt\u00e0 marchigiana intratteneva con Venezia<\/strong>, epicentro culturale e degli scambi dell\u2019intero Mediterraneo.<\/p>\n<p>Gi\u00e0 nel XIII secolo, le citt\u00e0 di Fermo e Venezia avevano la necessit\u00e0 di regolamentare le proprie relazioni commerciali con contratti accordi formali (come l\u2019anno notarile del 1260) che stabilissero sia protezione reciproca e assenza di dazi al passaggio sul territorio, sia la tipologia di merci trasportate.<\/p>\n<p>Nei secoli successivi si intensificarono gli scambi e le testimonianze di accordi commerciali, cos\u00ec come a numerosi artisti veneziani vennero commissionati palazzi, chiese e opere. Un esempio per tutti, l\u2019opera di Carlo e Vittore Crivelli testimonia l\u2019influenza veneziana nell\u2019area del fermano anche in ambito storico-artistico.<\/p>\n<p><strong>L\u2019arrivo dello stoccafisso nell\u2019area Mediterranea risale <\/strong>infatti <strong>al Basso Medioevo<\/strong>, ed \u00e8 legata alla vicenda del mercante veneziano <strong>Piero Quirino<\/strong> che, nel 1431, <strong>naufrag\u00f2 <\/strong>nei pressi dell\u2019arcipelago delle<strong> isole Lofoten<\/strong>, luogo principe della pesca del merluzzo.<\/p>\n<p><strong>Il nobile mercante<\/strong> <strong>descrive<\/strong> con stupore l\u2019<strong>usanza di lasciare il pescato a seccare al sole e al vento senza sale<\/strong>, fino a che fosse diventato duro come il legno; un prodotto che le genti del luogo scambiavano con tutto ci\u00f2 che serviva alla quotidianit\u00e0, e che perci\u00f2 era considerato preziosissimo.<\/p>\n<p>\u00c8 sicuramente<strong> grazie a Piero Quirino<\/strong> <strong>che lo stoccafisso venne conosciuto a Venezia<\/strong>, allora regina dell\u2019Adriatico e del Mediterraneo, e che il prodotto conquist\u00f2 l\u2019Europa del Sud viaggiando nelle cambuse delle navi, fino ad essere sempre pi\u00f9 apprezzato sulle coste del Mediterraneo e dell\u2019Adriatico, proprio come <strong>nella Marca Fermana<\/strong>.[\/vc_column_text][\/vc_column][\/vc_row]<\/p>\n<\/div>","protected":false},"excerpt":{"rendered":"<p>[vc_row][vc_column][vc_column_text el_class=&#8221;testo-intro&#8221;]Un luogo, la Fermanella (ancora oggi esistente lungo le Mura di via Crollalanza) e un nome: Peppe (Giuseppe) Spagnoli, per tutti Nas\u00f2. Ecco come inizia la storia dello stoccafisso alla fermana. Lo stoccafisso alla Nas\u00f2 \u00e8 una delle ricette tipiche del territorio di Fermo; era cotto nella maniera tradizionale, con le patate, su un letto di canne per consentire un cucina lenta, che evitava il rischio di farlo bruciare. E porta con s\u00e9 non solamente metodi e tecniche specifiche, ma anche usanze radicate nella comunit\u00e0 e trasmesse [&hellip;]<\/p>\n","protected":false},"author":2,"featured_media":8562,"comment_status":"open","ping_status":"open","sticky":false,"template":"","format":"standard","meta":{"_acf_changed":false,"footnotes":""},"categories":[108],"tags":[],"class_list":["post-8550","post","type-post","status-publish","format-standard","has-post-thumbnail","hentry","category-magazine"],"acf":[],"yoast_head":"<!-- This site is optimized with the Yoast SEO plugin v26.5 - https:\/\/yoast.com\/wordpress\/plugins\/seo\/ -->\n<title>Stoccafisso alla Nas\u00f2: la ricetta fermana dello stocco con patate - Visit Fermo<\/title>\n<meta name=\"robots\" content=\"index, follow, max-snippet:-1, max-image-preview:large, max-video-preview:-1\" \/>\n<link rel=\"canonical\" href=\"https:\/\/www.visitfermo.it\/en\/la-ricetta-fermana-dello-stocco-con-patate\" \/>\n<meta property=\"og:locale\" content=\"en_US\" \/>\n<meta property=\"og:type\" content=\"article\" \/>\n<meta property=\"og:title\" content=\"Stoccafisso alla Nas\u00f2: la ricetta fermana dello stocco con patate - Visit Fermo\" \/>\n<meta property=\"og:description\" content=\"[vc_row][vc_column][vc_column_text el_class=&#8221;testo-intro&#8221;]Un luogo, la Fermanella (ancora oggi esistente lungo le Mura di via Crollalanza) e un nome: Peppe (Giuseppe) Spagnoli, per tutti Nas\u00f2. Ecco come inizia la storia dello stoccafisso alla fermana. Lo stoccafisso alla Nas\u00f2 \u00e8 una delle ricette tipiche del territorio di Fermo; era cotto nella maniera tradizionale, con le patate, su un letto di canne per consentire un cucina lenta, che evitava il rischio di farlo bruciare. E porta con s\u00e9 non solamente metodi e tecniche specifiche, ma anche usanze radicate nella comunit\u00e0 e trasmesse [&hellip;]\" \/>\n<meta property=\"og:url\" content=\"https:\/\/www.visitfermo.it\/en\/la-ricetta-fermana-dello-stocco-con-patate\" \/>\n<meta property=\"og:site_name\" content=\"Visit Fermo\" \/>\n<meta property=\"article:publisher\" content=\"https:\/\/www.facebook.com\/VstFermo\/\" \/>\n<meta property=\"article:published_time\" content=\"2021-11-01T11:09:33+00:00\" \/>\n<meta property=\"article:modified_time\" content=\"2022-04-11T15:47:58+00:00\" \/>\n<meta property=\"og:image\" content=\"https:\/\/www.visitfermo.it\/wp-content\/uploads\/2018\/02\/Stoccafisso-testata-e1649692007143.jpg\" \/>\n\t<meta property=\"og:image:width\" content=\"1000\" \/>\n\t<meta property=\"og:image:height\" content=\"664\" \/>\n\t<meta property=\"og:image:type\" content=\"image\/jpeg\" \/>\n<meta name=\"author\" content=\"Kryos\" \/>\n<meta name=\"twitter:card\" content=\"summary_large_image\" \/>\n<meta name=\"twitter:creator\" content=\"@FermoTurismo\" \/>\n<meta name=\"twitter:site\" content=\"@FermoTurismo\" \/>\n<meta name=\"twitter:label1\" content=\"Written by\" \/>\n\t<meta name=\"twitter:data1\" content=\"Kryos\" \/>\n\t<meta name=\"twitter:label2\" content=\"Est. reading time\" \/>\n\t<meta name=\"twitter:data2\" content=\"5 minutes\" \/>\n<script type=\"application\/ld+json\" class=\"yoast-schema-graph\">{\"@context\":\"https:\/\/schema.org\",\"@graph\":[{\"@type\":\"Article\",\"@id\":\"https:\/\/www.visitfermo.it\/en\/la-ricetta-fermana-dello-stocco-con-patate#article\",\"isPartOf\":{\"@id\":\"https:\/\/www.visitfermo.it\/en\/la-ricetta-fermana-dello-stocco-con-patate\"},\"author\":{\"name\":\"Kryos\",\"@id\":\"https:\/\/www.visitfermo.it\/en#\/schema\/person\/6792cd4a954353ada38b0fc77a3f86e7\"},\"headline\":\"Stoccafisso alla Nas\u00f2: la ricetta fermana dello stocco con patate\",\"datePublished\":\"2021-11-01T11:09:33+00:00\",\"dateModified\":\"2022-04-11T15:47:58+00:00\",\"mainEntityOfPage\":{\"@id\":\"https:\/\/www.visitfermo.it\/en\/la-ricetta-fermana-dello-stocco-con-patate\"},\"wordCount\":1040,\"commentCount\":0,\"publisher\":{\"@id\":\"https:\/\/www.visitfermo.it\/en#organization\"},\"image\":{\"@id\":\"https:\/\/www.visitfermo.it\/en\/la-ricetta-fermana-dello-stocco-con-patate#primaryimage\"},\"thumbnailUrl\":\"https:\/\/www.visitfermo.it\/wp-content\/uploads\/2018\/02\/Stoccafisso-testata-e1649692007143.jpg\",\"articleSection\":[\"Magazine\"],\"inLanguage\":\"en\",\"potentialAction\":[{\"@type\":\"CommentAction\",\"name\":\"Comment\",\"target\":[\"https:\/\/www.visitfermo.it\/en\/la-ricetta-fermana-dello-stocco-con-patate#respond\"]}]},{\"@type\":\"WebPage\",\"@id\":\"https:\/\/www.visitfermo.it\/en\/la-ricetta-fermana-dello-stocco-con-patate\",\"url\":\"https:\/\/www.visitfermo.it\/en\/la-ricetta-fermana-dello-stocco-con-patate\",\"name\":\"Stoccafisso alla Nas\u00f2: la ricetta fermana dello stocco con patate - Visit Fermo\",\"isPartOf\":{\"@id\":\"https:\/\/www.visitfermo.it\/en#website\"},\"primaryImageOfPage\":{\"@id\":\"https:\/\/www.visitfermo.it\/en\/la-ricetta-fermana-dello-stocco-con-patate#primaryimage\"},\"image\":{\"@id\":\"https:\/\/www.visitfermo.it\/en\/la-ricetta-fermana-dello-stocco-con-patate#primaryimage\"},\"thumbnailUrl\":\"https:\/\/www.visitfermo.it\/wp-content\/uploads\/2018\/02\/Stoccafisso-testata-e1649692007143.jpg\",\"datePublished\":\"2021-11-01T11:09:33+00:00\",\"dateModified\":\"2022-04-11T15:47:58+00:00\",\"breadcrumb\":{\"@id\":\"https:\/\/www.visitfermo.it\/en\/la-ricetta-fermana-dello-stocco-con-patate#breadcrumb\"},\"inLanguage\":\"en\",\"potentialAction\":[{\"@type\":\"ReadAction\",\"target\":[\"https:\/\/www.visitfermo.it\/en\/la-ricetta-fermana-dello-stocco-con-patate\"]}]},{\"@type\":\"ImageObject\",\"inLanguage\":\"en\",\"@id\":\"https:\/\/www.visitfermo.it\/en\/la-ricetta-fermana-dello-stocco-con-patate#primaryimage\",\"url\":\"https:\/\/www.visitfermo.it\/wp-content\/uploads\/2018\/02\/Stoccafisso-testata-e1649692007143.jpg\",\"contentUrl\":\"https:\/\/www.visitfermo.it\/wp-content\/uploads\/2018\/02\/Stoccafisso-testata-e1649692007143.jpg\",\"width\":1000,\"height\":664},{\"@type\":\"BreadcrumbList\",\"@id\":\"https:\/\/www.visitfermo.it\/en\/la-ricetta-fermana-dello-stocco-con-patate#breadcrumb\",\"itemListElement\":[{\"@type\":\"ListItem\",\"position\":1,\"name\":\"Home\",\"item\":\"https:\/\/www.visitfermo.it\/en\"},{\"@type\":\"ListItem\",\"position\":2,\"name\":\"Stoccafisso alla Nas\u00f2: la ricetta fermana dello stocco con patate\"}]},{\"@type\":\"WebSite\",\"@id\":\"https:\/\/www.visitfermo.it\/en#website\",\"url\":\"https:\/\/www.visitfermo.it\/en\",\"name\":\"Visit Fermo\",\"description\":\"Fermo a place for me\",\"publisher\":{\"@id\":\"https:\/\/www.visitfermo.it\/en#organization\"},\"potentialAction\":[{\"@type\":\"SearchAction\",\"target\":{\"@type\":\"EntryPoint\",\"urlTemplate\":\"https:\/\/www.visitfermo.it\/en?s={search_term_string}\"},\"query-input\":{\"@type\":\"PropertyValueSpecification\",\"valueRequired\":true,\"valueName\":\"search_term_string\"}}],\"inLanguage\":\"en\"},{\"@type\":\"Organization\",\"@id\":\"https:\/\/www.visitfermo.it\/en#organization\",\"name\":\"Visit Fermo\",\"url\":\"https:\/\/www.visitfermo.it\/en\",\"logo\":{\"@type\":\"ImageObject\",\"inLanguage\":\"en\",\"@id\":\"https:\/\/www.visitfermo.it\/en#\/schema\/logo\/image\/\",\"url\":\"https:\/\/www.visitfermo.it\/wp-content\/uploads\/2018\/02\/logo-fermo-a-place-for-me-giallo.png\",\"contentUrl\":\"https:\/\/www.visitfermo.it\/wp-content\/uploads\/2018\/02\/logo-fermo-a-place-for-me-giallo.png\",\"width\":453,\"height\":230,\"caption\":\"Visit Fermo\"},\"image\":{\"@id\":\"https:\/\/www.visitfermo.it\/en#\/schema\/logo\/image\/\"},\"sameAs\":[\"https:\/\/www.facebook.com\/VstFermo\/\",\"https:\/\/x.com\/FermoTurismo\",\"https:\/\/www.instagram.com\/visitfermo\/\",\"https:\/\/www.youtube.com\/c\/VisitFermo\"]},{\"@type\":\"Person\",\"@id\":\"https:\/\/www.visitfermo.it\/en#\/schema\/person\/6792cd4a954353ada38b0fc77a3f86e7\",\"name\":\"Kryos\",\"image\":{\"@type\":\"ImageObject\",\"inLanguage\":\"en\",\"@id\":\"https:\/\/www.visitfermo.it\/en#\/schema\/person\/image\/\",\"url\":\"https:\/\/secure.gravatar.com\/avatar\/efea8c8441f91c0c1c85e4bb9b7b572d016ee6c7f734a1cc184b8f512261748c?s=96&d=mm&r=g\",\"contentUrl\":\"https:\/\/secure.gravatar.com\/avatar\/efea8c8441f91c0c1c85e4bb9b7b572d016ee6c7f734a1cc184b8f512261748c?s=96&d=mm&r=g\",\"caption\":\"Kryos\"}}]}<\/script>\n<!-- \/ Yoast SEO plugin. -->","yoast_head_json":{"title":"Stoccafisso alla Nas\u00f2: la ricetta fermana dello stocco con patate - Visit Fermo","robots":{"index":"index","follow":"follow","max-snippet":"max-snippet:-1","max-image-preview":"max-image-preview:large","max-video-preview":"max-video-preview:-1"},"canonical":"https:\/\/www.visitfermo.it\/en\/la-ricetta-fermana-dello-stocco-con-patate","og_locale":"en_US","og_type":"article","og_title":"Stoccafisso alla Nas\u00f2: la ricetta fermana dello stocco con patate - Visit Fermo","og_description":"[vc_row][vc_column][vc_column_text el_class=&#8221;testo-intro&#8221;]Un luogo, la Fermanella (ancora oggi esistente lungo le Mura di via Crollalanza) e un nome: Peppe (Giuseppe) Spagnoli, per tutti Nas\u00f2. Ecco come inizia la storia dello stoccafisso alla fermana. Lo stoccafisso alla Nas\u00f2 \u00e8 una delle ricette tipiche del territorio di Fermo; era cotto nella maniera tradizionale, con le patate, su un letto di canne per consentire un cucina lenta, che evitava il rischio di farlo bruciare. E porta con s\u00e9 non solamente metodi e tecniche specifiche, ma anche usanze radicate nella comunit\u00e0 e trasmesse [&hellip;]","og_url":"https:\/\/www.visitfermo.it\/en\/la-ricetta-fermana-dello-stocco-con-patate","og_site_name":"Visit Fermo","article_publisher":"https:\/\/www.facebook.com\/VstFermo\/","article_published_time":"2021-11-01T11:09:33+00:00","article_modified_time":"2022-04-11T15:47:58+00:00","og_image":[{"width":1000,"height":664,"url":"https:\/\/www.visitfermo.it\/wp-content\/uploads\/2018\/02\/Stoccafisso-testata-e1649692007143.jpg","type":"image\/jpeg"}],"author":"Kryos","twitter_card":"summary_large_image","twitter_creator":"@FermoTurismo","twitter_site":"@FermoTurismo","twitter_misc":{"Written by":"Kryos","Est. reading time":"5 minutes"},"schema":{"@context":"https:\/\/schema.org","@graph":[{"@type":"Article","@id":"https:\/\/www.visitfermo.it\/en\/la-ricetta-fermana-dello-stocco-con-patate#article","isPartOf":{"@id":"https:\/\/www.visitfermo.it\/en\/la-ricetta-fermana-dello-stocco-con-patate"},"author":{"name":"Kryos","@id":"https:\/\/www.visitfermo.it\/en#\/schema\/person\/6792cd4a954353ada38b0fc77a3f86e7"},"headline":"Stoccafisso alla Nas\u00f2: la ricetta fermana dello stocco con patate","datePublished":"2021-11-01T11:09:33+00:00","dateModified":"2022-04-11T15:47:58+00:00","mainEntityOfPage":{"@id":"https:\/\/www.visitfermo.it\/en\/la-ricetta-fermana-dello-stocco-con-patate"},"wordCount":1040,"commentCount":0,"publisher":{"@id":"https:\/\/www.visitfermo.it\/en#organization"},"image":{"@id":"https:\/\/www.visitfermo.it\/en\/la-ricetta-fermana-dello-stocco-con-patate#primaryimage"},"thumbnailUrl":"https:\/\/www.visitfermo.it\/wp-content\/uploads\/2018\/02\/Stoccafisso-testata-e1649692007143.jpg","articleSection":["Magazine"],"inLanguage":"en","potentialAction":[{"@type":"CommentAction","name":"Comment","target":["https:\/\/www.visitfermo.it\/en\/la-ricetta-fermana-dello-stocco-con-patate#respond"]}]},{"@type":"WebPage","@id":"https:\/\/www.visitfermo.it\/en\/la-ricetta-fermana-dello-stocco-con-patate","url":"https:\/\/www.visitfermo.it\/en\/la-ricetta-fermana-dello-stocco-con-patate","name":"Stoccafisso alla Nas\u00f2: la ricetta fermana dello stocco con patate - Visit Fermo","isPartOf":{"@id":"https:\/\/www.visitfermo.it\/en#website"},"primaryImageOfPage":{"@id":"https:\/\/www.visitfermo.it\/en\/la-ricetta-fermana-dello-stocco-con-patate#primaryimage"},"image":{"@id":"https:\/\/www.visitfermo.it\/en\/la-ricetta-fermana-dello-stocco-con-patate#primaryimage"},"thumbnailUrl":"https:\/\/www.visitfermo.it\/wp-content\/uploads\/2018\/02\/Stoccafisso-testata-e1649692007143.jpg","datePublished":"2021-11-01T11:09:33+00:00","dateModified":"2022-04-11T15:47:58+00:00","breadcrumb":{"@id":"https:\/\/www.visitfermo.it\/en\/la-ricetta-fermana-dello-stocco-con-patate#breadcrumb"},"inLanguage":"en","potentialAction":[{"@type":"ReadAction","target":["https:\/\/www.visitfermo.it\/en\/la-ricetta-fermana-dello-stocco-con-patate"]}]},{"@type":"ImageObject","inLanguage":"en","@id":"https:\/\/www.visitfermo.it\/en\/la-ricetta-fermana-dello-stocco-con-patate#primaryimage","url":"https:\/\/www.visitfermo.it\/wp-content\/uploads\/2018\/02\/Stoccafisso-testata-e1649692007143.jpg","contentUrl":"https:\/\/www.visitfermo.it\/wp-content\/uploads\/2018\/02\/Stoccafisso-testata-e1649692007143.jpg","width":1000,"height":664},{"@type":"BreadcrumbList","@id":"https:\/\/www.visitfermo.it\/en\/la-ricetta-fermana-dello-stocco-con-patate#breadcrumb","itemListElement":[{"@type":"ListItem","position":1,"name":"Home","item":"https:\/\/www.visitfermo.it\/en"},{"@type":"ListItem","position":2,"name":"Stoccafisso alla Nas\u00f2: la ricetta fermana dello stocco con patate"}]},{"@type":"WebSite","@id":"https:\/\/www.visitfermo.it\/en#website","url":"https:\/\/www.visitfermo.it\/en","name":"Visit Fermo","description":"Fermo a place for me","publisher":{"@id":"https:\/\/www.visitfermo.it\/en#organization"},"potentialAction":[{"@type":"SearchAction","target":{"@type":"EntryPoint","urlTemplate":"https:\/\/www.visitfermo.it\/en?s={search_term_string}"},"query-input":{"@type":"PropertyValueSpecification","valueRequired":true,"valueName":"search_term_string"}}],"inLanguage":"en"},{"@type":"Organization","@id":"https:\/\/www.visitfermo.it\/en#organization","name":"Visit Fermo","url":"https:\/\/www.visitfermo.it\/en","logo":{"@type":"ImageObject","inLanguage":"en","@id":"https:\/\/www.visitfermo.it\/en#\/schema\/logo\/image\/","url":"https:\/\/www.visitfermo.it\/wp-content\/uploads\/2018\/02\/logo-fermo-a-place-for-me-giallo.png","contentUrl":"https:\/\/www.visitfermo.it\/wp-content\/uploads\/2018\/02\/logo-fermo-a-place-for-me-giallo.png","width":453,"height":230,"caption":"Visit Fermo"},"image":{"@id":"https:\/\/www.visitfermo.it\/en#\/schema\/logo\/image\/"},"sameAs":["https:\/\/www.facebook.com\/VstFermo\/","https:\/\/x.com\/FermoTurismo","https:\/\/www.instagram.com\/visitfermo\/","https:\/\/www.youtube.com\/c\/VisitFermo"]},{"@type":"Person","@id":"https:\/\/www.visitfermo.it\/en#\/schema\/person\/6792cd4a954353ada38b0fc77a3f86e7","name":"Kryos","image":{"@type":"ImageObject","inLanguage":"en","@id":"https:\/\/www.visitfermo.it\/en#\/schema\/person\/image\/","url":"https:\/\/secure.gravatar.com\/avatar\/efea8c8441f91c0c1c85e4bb9b7b572d016ee6c7f734a1cc184b8f512261748c?s=96&d=mm&r=g","contentUrl":"https:\/\/secure.gravatar.com\/avatar\/efea8c8441f91c0c1c85e4bb9b7b572d016ee6c7f734a1cc184b8f512261748c?s=96&d=mm&r=g","caption":"Kryos"}}]}},"_links":{"self":[{"href":"https:\/\/www.visitfermo.it\/en\/wp-json\/wp\/v2\/posts\/8550","targetHints":{"allow":["GET"]}}],"collection":[{"href":"https:\/\/www.visitfermo.it\/en\/wp-json\/wp\/v2\/posts"}],"about":[{"href":"https:\/\/www.visitfermo.it\/en\/wp-json\/wp\/v2\/types\/post"}],"author":[{"embeddable":true,"href":"https:\/\/www.visitfermo.it\/en\/wp-json\/wp\/v2\/users\/2"}],"replies":[{"embeddable":true,"href":"https:\/\/www.visitfermo.it\/en\/wp-json\/wp\/v2\/comments?post=8550"}],"version-history":[{"count":16,"href":"https:\/\/www.visitfermo.it\/en\/wp-json\/wp\/v2\/posts\/8550\/revisions"}],"predecessor-version":[{"id":15695,"href":"https:\/\/www.visitfermo.it\/en\/wp-json\/wp\/v2\/posts\/8550\/revisions\/15695"}],"wp:featuredmedia":[{"embeddable":true,"href":"https:\/\/www.visitfermo.it\/en\/wp-json\/wp\/v2\/media\/8562"}],"wp:attachment":[{"href":"https:\/\/www.visitfermo.it\/en\/wp-json\/wp\/v2\/media?parent=8550"}],"wp:term":[{"taxonomy":"category","embeddable":true,"href":"https:\/\/www.visitfermo.it\/en\/wp-json\/wp\/v2\/categories?post=8550"},{"taxonomy":"post_tag","embeddable":true,"href":"https:\/\/www.visitfermo.it\/en\/wp-json\/wp\/v2\/tags?post=8550"}],"curies":[{"name":"wp","href":"https:\/\/api.w.org\/{rel}","templated":true}]}}