{"id":14315,"date":"2022-02-01T10:04:51","date_gmt":"2022-02-01T09:04:51","guid":{"rendered":"https:\/\/www.visitfermo.it\/secondo-titolo-della-stagione-dopera-litaliana-in-algeri-copy"},"modified":"2022-02-18T19:10:36","modified_gmt":"2022-02-18T18:10:36","slug":"sanremo-2022-la-fermana-hu-con-highsnob-sul-palco-dellaristoni-copy","status":"publish","type":"post","link":"https:\/\/www.visitfermo.it\/en\/sanremo-2022-la-fermana-hu-con-highsnob-sul-palco-dellaristoni-copy","title":{"rendered":"Sanremo 2022: la fermana HU con Highsnob sul palco dell&#8217;Ariston"},"content":{"rendered":"<p><img loading=\"lazy\" decoding=\"async\" class=\"size-full wp-image-14324 alignright\" src=\"https:\/\/www.visitfermo.it\/wp-content\/uploads\/2022\/02\/hu.jpg\" alt=\"\" width=\"638\" height=\"425\" srcset=\"https:\/\/www.visitfermo.it\/wp-content\/uploads\/2022\/02\/hu.jpg 638w, https:\/\/www.visitfermo.it\/wp-content\/uploads\/2022\/02\/hu-300x200.jpg 300w\" sizes=\"auto, (max-width: 638px) 100vw, 638px\" \/><\/p>\n<p><strong>Le Marche a Sanremo 2022.<\/strong> Fra i partecipanti in gara a questa 72\u00b0 edizione del Festival della canzone italiana, al via oggi marted\u00ec 1 febbraio, anche la fermana Federica Ferracuti, in arte Hu (nella foto credit Warner Music) che si esibir\u00e0 con Highsnob nella serata di domani, mercoled\u00ec 2, con il brano dal titolo Abbi cura di te.<\/p>\n<p>\u201cSiamo particolarmente felici che su uno dei palchi pi\u00f9 importanti d\u2019Italia la nostra citt\u00e0 sia rappresentata dal volto e dalla voce di Federica, cui vogliamo esprimere il nostro incoraggiamento e farle sentire la vicinanza di tutta Fermo \u2013 le parole del Sindaco di Fermo Paolo Calcinaro e dell\u2019assessore alla cultura Micol Lanzidei \u2013 un\u2019ulteriore opportunit\u00e0 per Hu di farsi conoscere ancora di pi\u00f9 e soprattutto di far conoscere la sua musica ed i suoi progetti artistici. La ricordiamo a Sanremo Giovani e proprio la scorsa estate a settembre in concerto nella nostra Piazza del Popolo nell\u2019ambito di una serata de \u201cIl Mangiadischi\u201d, noto come contest organizzato da Nufabric di Stefano Luciani cui lei stessa aveva preso parte agli esordi della sua carriera, vincendo proprio la prima edizione. E allora noi siamo con te, forza Federica\u201d.<\/p>\n<p><strong>Biografia Hu \u2013 Federica Ferracuti<\/strong><br \/>\nHU, Federica Ferracuti (classe \u201894), \u00e8 una cantante, producer e polistrumentista Italiana. Inizia a studiare musica all&#8217;et\u00e0 di 12 anni, partendo dagli studi di chitarra jazz e dalle tecniche di improvvisazione. Negli anni approccia allo studio del pianoforte, del basso e del violoncello per poi abbracciare il mondo della musica elettronica e della produzione. A seguito di esperienze come turnista e diversi concerti in giro per l&#8217;Italia, nel 2016 d\u00e0 il via al suo progetto artistico HU. Nel corso degli ultimi due anni firma diversi lavori pubblicitari tra cui la campagna Lamborghini #Real Lovers, Chiara Ferragni Summer Campagin, \u201cAnotherness\u201d per Malloni e il Night Trailer Generator per Jagermeister. Nel 2018 viene selezionata tra i 10 finalisti dello JAGER MUSIC LAB che le permette di volare a Berlino vincendo due menzioni speciali. Nell&#8217;estate del 2020 esce \u201cNEON\u201d il singolo che apre il nuovo percorso musicale di HU che, nel settembre dello stesso anno entra a far parte di Warner Music Italy e partecipa all&#8217;edizione di AmaSanremo del 2021 con il brano \u201cOCCHI NIAGARA\u201d. Nel maggio del 2021 esce \u201cEND\u201d, il singolo che apre una lunga estate di concerti che la portano a calcare alcuni tra i palchi pi\u00f9 grandi d&#8217;Italia, sia come artista, sia come Polistrumentista nel Fortuna Tour di Emma Marrone. Nell\u2019autunno del 2021 entra a far parte della famiglia di SPOTIFY e viene selezionata tra gli artisti RADAR. Nello stesso periodo esce con \u201cMILLEMILA\u201d, il suo ultimo scritto co prodotto con Tom Beaver.<\/p>\n","protected":false},"excerpt":{"rendered":"<p>Le Marche a Sanremo 2022. Fra i partecipanti in gara a questa 72\u00b0 edizione del Festival della canzone italiana, al via oggi marted\u00ec 1 febbraio, anche la fermana Federica Ferracuti, in arte Hu (nella foto credit Warner Music) che si esibir\u00e0 con Highsnob nella serata di domani, mercoled\u00ec 2, con il brano dal titolo Abbi cura di te. \u201cSiamo particolarmente felici che su uno dei palchi pi\u00f9 importanti d\u2019Italia la nostra citt\u00e0 sia rappresentata dal volto e dalla voce di Federica, cui vogliamo esprimere il nostro incoraggiamento e [&hellip;]<\/p>\n","protected":false},"author":3,"featured_media":0,"comment_status":"closed","ping_status":"open","sticky":false,"template":"","format":"standard","meta":{"_acf_changed":false,"footnotes":""},"categories":[109],"tags":[],"class_list":["post-14315","post","type-post","status-publish","format-standard","hentry","category-news"],"acf":[],"yoast_head":"<!-- This site is optimized with the Yoast SEO plugin v26.5 - https:\/\/yoast.com\/wordpress\/plugins\/seo\/ -->\n<title>Sanremo 2022: la fermana HU con Highsnob sul palco dell&#039;Ariston - Visit Fermo<\/title>\n<meta name=\"robots\" content=\"index, follow, max-snippet:-1, max-image-preview:large, max-video-preview:-1\" \/>\n<link rel=\"canonical\" href=\"https:\/\/www.visitfermo.it\/en\/sanremo-2022-la-fermana-hu-con-highsnob-sul-palco-dellaristoni-copy\" \/>\n<meta property=\"og:locale\" content=\"en_US\" \/>\n<meta property=\"og:type\" content=\"article\" \/>\n<meta property=\"og:title\" content=\"Sanremo 2022: la fermana HU con Highsnob sul palco dell&#039;Ariston - Visit Fermo\" \/>\n<meta property=\"og:description\" content=\"Le Marche a Sanremo 2022. Fra i partecipanti in gara a questa 72\u00b0 edizione del Festival della canzone italiana, al via oggi marted\u00ec 1 febbraio, anche la fermana Federica Ferracuti, in arte Hu (nella foto credit Warner Music) che si esibir\u00e0 con Highsnob nella serata di domani, mercoled\u00ec 2, con il brano dal titolo Abbi cura di te. \u201cSiamo particolarmente felici che su uno dei palchi pi\u00f9 importanti d\u2019Italia la nostra citt\u00e0 sia rappresentata dal volto e dalla voce di Federica, cui vogliamo esprimere il nostro incoraggiamento e [&hellip;]\" \/>\n<meta property=\"og:url\" content=\"https:\/\/www.visitfermo.it\/en\/sanremo-2022-la-fermana-hu-con-highsnob-sul-palco-dellaristoni-copy\" \/>\n<meta property=\"og:site_name\" content=\"Visit Fermo\" \/>\n<meta property=\"article:publisher\" content=\"https:\/\/www.facebook.com\/VstFermo\/\" \/>\n<meta property=\"article:published_time\" content=\"2022-02-01T09:04:51+00:00\" \/>\n<meta property=\"article:modified_time\" content=\"2022-02-18T18:10:36+00:00\" \/>\n<meta property=\"og:image\" content=\"https:\/\/www.visitfermo.it\/wp-content\/uploads\/2022\/02\/hu.jpg\" \/>\n<meta name=\"author\" content=\"Letizia\" \/>\n<meta name=\"twitter:card\" content=\"summary_large_image\" \/>\n<meta name=\"twitter:creator\" content=\"@FermoTurismo\" \/>\n<meta name=\"twitter:site\" content=\"@FermoTurismo\" \/>\n<meta name=\"twitter:label1\" content=\"Written by\" \/>\n\t<meta name=\"twitter:data1\" content=\"Letizia\" \/>\n\t<meta name=\"twitter:label2\" content=\"Est. reading time\" \/>\n\t<meta name=\"twitter:data2\" content=\"2 minutes\" \/>\n<script type=\"application\/ld+json\" class=\"yoast-schema-graph\">{\"@context\":\"https:\/\/schema.org\",\"@graph\":[{\"@type\":\"Article\",\"@id\":\"https:\/\/www.visitfermo.it\/en\/sanremo-2022-la-fermana-hu-con-highsnob-sul-palco-dellaristoni-copy#article\",\"isPartOf\":{\"@id\":\"https:\/\/www.visitfermo.it\/en\/sanremo-2022-la-fermana-hu-con-highsnob-sul-palco-dellaristoni-copy\"},\"author\":{\"name\":\"Letizia\",\"@id\":\"https:\/\/www.visitfermo.it\/en#\/schema\/person\/7af357c11ac81cbaf74c4e01eccf6058\"},\"headline\":\"Sanremo 2022: la fermana HU con Highsnob sul palco dell&#8217;Ariston\",\"datePublished\":\"2022-02-01T09:04:51+00:00\",\"dateModified\":\"2022-02-18T18:10:36+00:00\",\"mainEntityOfPage\":{\"@id\":\"https:\/\/www.visitfermo.it\/en\/sanremo-2022-la-fermana-hu-con-highsnob-sul-palco-dellaristoni-copy\"},\"wordCount\":439,\"publisher\":{\"@id\":\"https:\/\/www.visitfermo.it\/en#organization\"},\"image\":{\"@id\":\"https:\/\/www.visitfermo.it\/en\/sanremo-2022-la-fermana-hu-con-highsnob-sul-palco-dellaristoni-copy#primaryimage\"},\"thumbnailUrl\":\"https:\/\/www.visitfermo.it\/wp-content\/uploads\/2022\/02\/hu.jpg\",\"articleSection\":[\"News\"],\"inLanguage\":\"en\"},{\"@type\":\"WebPage\",\"@id\":\"https:\/\/www.visitfermo.it\/en\/sanremo-2022-la-fermana-hu-con-highsnob-sul-palco-dellaristoni-copy\",\"url\":\"https:\/\/www.visitfermo.it\/en\/sanremo-2022-la-fermana-hu-con-highsnob-sul-palco-dellaristoni-copy\",\"name\":\"Sanremo 2022: la fermana HU con Highsnob sul palco dell'Ariston - Visit Fermo\",\"isPartOf\":{\"@id\":\"https:\/\/www.visitfermo.it\/en#website\"},\"primaryImageOfPage\":{\"@id\":\"https:\/\/www.visitfermo.it\/en\/sanremo-2022-la-fermana-hu-con-highsnob-sul-palco-dellaristoni-copy#primaryimage\"},\"image\":{\"@id\":\"https:\/\/www.visitfermo.it\/en\/sanremo-2022-la-fermana-hu-con-highsnob-sul-palco-dellaristoni-copy#primaryimage\"},\"thumbnailUrl\":\"https:\/\/www.visitfermo.it\/wp-content\/uploads\/2022\/02\/hu.jpg\",\"datePublished\":\"2022-02-01T09:04:51+00:00\",\"dateModified\":\"2022-02-18T18:10:36+00:00\",\"breadcrumb\":{\"@id\":\"https:\/\/www.visitfermo.it\/en\/sanremo-2022-la-fermana-hu-con-highsnob-sul-palco-dellaristoni-copy#breadcrumb\"},\"inLanguage\":\"en\",\"potentialAction\":[{\"@type\":\"ReadAction\",\"target\":[\"https:\/\/www.visitfermo.it\/en\/sanremo-2022-la-fermana-hu-con-highsnob-sul-palco-dellaristoni-copy\"]}]},{\"@type\":\"ImageObject\",\"inLanguage\":\"en\",\"@id\":\"https:\/\/www.visitfermo.it\/en\/sanremo-2022-la-fermana-hu-con-highsnob-sul-palco-dellaristoni-copy#primaryimage\",\"url\":\"https:\/\/www.visitfermo.it\/wp-content\/uploads\/2022\/02\/hu.jpg\",\"contentUrl\":\"https:\/\/www.visitfermo.it\/wp-content\/uploads\/2022\/02\/hu.jpg\"},{\"@type\":\"BreadcrumbList\",\"@id\":\"https:\/\/www.visitfermo.it\/en\/sanremo-2022-la-fermana-hu-con-highsnob-sul-palco-dellaristoni-copy#breadcrumb\",\"itemListElement\":[{\"@type\":\"ListItem\",\"position\":1,\"name\":\"Home\",\"item\":\"https:\/\/www.visitfermo.it\/en\"},{\"@type\":\"ListItem\",\"position\":2,\"name\":\"Sanremo 2022: la fermana HU con Highsnob sul palco dell&#8217;Ariston\"}]},{\"@type\":\"WebSite\",\"@id\":\"https:\/\/www.visitfermo.it\/en#website\",\"url\":\"https:\/\/www.visitfermo.it\/en\",\"name\":\"Visit Fermo\",\"description\":\"Fermo a place for me\",\"publisher\":{\"@id\":\"https:\/\/www.visitfermo.it\/en#organization\"},\"potentialAction\":[{\"@type\":\"SearchAction\",\"target\":{\"@type\":\"EntryPoint\",\"urlTemplate\":\"https:\/\/www.visitfermo.it\/en?s={search_term_string}\"},\"query-input\":{\"@type\":\"PropertyValueSpecification\",\"valueRequired\":true,\"valueName\":\"search_term_string\"}}],\"inLanguage\":\"en\"},{\"@type\":\"Organization\",\"@id\":\"https:\/\/www.visitfermo.it\/en#organization\",\"name\":\"Visit Fermo\",\"url\":\"https:\/\/www.visitfermo.it\/en\",\"logo\":{\"@type\":\"ImageObject\",\"inLanguage\":\"en\",\"@id\":\"https:\/\/www.visitfermo.it\/en#\/schema\/logo\/image\/\",\"url\":\"https:\/\/www.visitfermo.it\/wp-content\/uploads\/2018\/02\/logo-fermo-a-place-for-me-giallo.png\",\"contentUrl\":\"https:\/\/www.visitfermo.it\/wp-content\/uploads\/2018\/02\/logo-fermo-a-place-for-me-giallo.png\",\"width\":453,\"height\":230,\"caption\":\"Visit Fermo\"},\"image\":{\"@id\":\"https:\/\/www.visitfermo.it\/en#\/schema\/logo\/image\/\"},\"sameAs\":[\"https:\/\/www.facebook.com\/VstFermo\/\",\"https:\/\/x.com\/FermoTurismo\",\"https:\/\/www.instagram.com\/visitfermo\/\",\"https:\/\/www.youtube.com\/c\/VisitFermo\"]},{\"@type\":\"Person\",\"@id\":\"https:\/\/www.visitfermo.it\/en#\/schema\/person\/7af357c11ac81cbaf74c4e01eccf6058\",\"name\":\"Letizia\",\"image\":{\"@type\":\"ImageObject\",\"inLanguage\":\"en\",\"@id\":\"https:\/\/www.visitfermo.it\/en#\/schema\/person\/image\/\",\"url\":\"https:\/\/secure.gravatar.com\/avatar\/bcc958eefe0bdebfbadf88b253cbcb380e3648653aa07a92dce3703eae1bda06?s=96&d=mm&r=g\",\"contentUrl\":\"https:\/\/secure.gravatar.com\/avatar\/bcc958eefe0bdebfbadf88b253cbcb380e3648653aa07a92dce3703eae1bda06?s=96&d=mm&r=g\",\"caption\":\"Letizia\"}}]}<\/script>\n<!-- \/ Yoast SEO plugin. -->","yoast_head_json":{"title":"Sanremo 2022: la fermana HU con Highsnob sul palco dell'Ariston - Visit Fermo","robots":{"index":"index","follow":"follow","max-snippet":"max-snippet:-1","max-image-preview":"max-image-preview:large","max-video-preview":"max-video-preview:-1"},"canonical":"https:\/\/www.visitfermo.it\/en\/sanremo-2022-la-fermana-hu-con-highsnob-sul-palco-dellaristoni-copy","og_locale":"en_US","og_type":"article","og_title":"Sanremo 2022: la fermana HU con Highsnob sul palco dell'Ariston - Visit Fermo","og_description":"Le Marche a Sanremo 2022. Fra i partecipanti in gara a questa 72\u00b0 edizione del Festival della canzone italiana, al via oggi marted\u00ec 1 febbraio, anche la fermana Federica Ferracuti, in arte Hu (nella foto credit Warner Music) che si esibir\u00e0 con Highsnob nella serata di domani, mercoled\u00ec 2, con il brano dal titolo Abbi cura di te. \u201cSiamo particolarmente felici che su uno dei palchi pi\u00f9 importanti d\u2019Italia la nostra citt\u00e0 sia rappresentata dal volto e dalla voce di Federica, cui vogliamo esprimere il nostro incoraggiamento e [&hellip;]","og_url":"https:\/\/www.visitfermo.it\/en\/sanremo-2022-la-fermana-hu-con-highsnob-sul-palco-dellaristoni-copy","og_site_name":"Visit Fermo","article_publisher":"https:\/\/www.facebook.com\/VstFermo\/","article_published_time":"2022-02-01T09:04:51+00:00","article_modified_time":"2022-02-18T18:10:36+00:00","og_image":[{"url":"https:\/\/www.visitfermo.it\/wp-content\/uploads\/2022\/02\/hu.jpg","type":"","width":"","height":""}],"author":"Letizia","twitter_card":"summary_large_image","twitter_creator":"@FermoTurismo","twitter_site":"@FermoTurismo","twitter_misc":{"Written by":"Letizia","Est. reading time":"2 minutes"},"schema":{"@context":"https:\/\/schema.org","@graph":[{"@type":"Article","@id":"https:\/\/www.visitfermo.it\/en\/sanremo-2022-la-fermana-hu-con-highsnob-sul-palco-dellaristoni-copy#article","isPartOf":{"@id":"https:\/\/www.visitfermo.it\/en\/sanremo-2022-la-fermana-hu-con-highsnob-sul-palco-dellaristoni-copy"},"author":{"name":"Letizia","@id":"https:\/\/www.visitfermo.it\/en#\/schema\/person\/7af357c11ac81cbaf74c4e01eccf6058"},"headline":"Sanremo 2022: la fermana HU con Highsnob sul palco dell&#8217;Ariston","datePublished":"2022-02-01T09:04:51+00:00","dateModified":"2022-02-18T18:10:36+00:00","mainEntityOfPage":{"@id":"https:\/\/www.visitfermo.it\/en\/sanremo-2022-la-fermana-hu-con-highsnob-sul-palco-dellaristoni-copy"},"wordCount":439,"publisher":{"@id":"https:\/\/www.visitfermo.it\/en#organization"},"image":{"@id":"https:\/\/www.visitfermo.it\/en\/sanremo-2022-la-fermana-hu-con-highsnob-sul-palco-dellaristoni-copy#primaryimage"},"thumbnailUrl":"https:\/\/www.visitfermo.it\/wp-content\/uploads\/2022\/02\/hu.jpg","articleSection":["News"],"inLanguage":"en"},{"@type":"WebPage","@id":"https:\/\/www.visitfermo.it\/en\/sanremo-2022-la-fermana-hu-con-highsnob-sul-palco-dellaristoni-copy","url":"https:\/\/www.visitfermo.it\/en\/sanremo-2022-la-fermana-hu-con-highsnob-sul-palco-dellaristoni-copy","name":"Sanremo 2022: la fermana HU con Highsnob sul palco dell'Ariston - Visit Fermo","isPartOf":{"@id":"https:\/\/www.visitfermo.it\/en#website"},"primaryImageOfPage":{"@id":"https:\/\/www.visitfermo.it\/en\/sanremo-2022-la-fermana-hu-con-highsnob-sul-palco-dellaristoni-copy#primaryimage"},"image":{"@id":"https:\/\/www.visitfermo.it\/en\/sanremo-2022-la-fermana-hu-con-highsnob-sul-palco-dellaristoni-copy#primaryimage"},"thumbnailUrl":"https:\/\/www.visitfermo.it\/wp-content\/uploads\/2022\/02\/hu.jpg","datePublished":"2022-02-01T09:04:51+00:00","dateModified":"2022-02-18T18:10:36+00:00","breadcrumb":{"@id":"https:\/\/www.visitfermo.it\/en\/sanremo-2022-la-fermana-hu-con-highsnob-sul-palco-dellaristoni-copy#breadcrumb"},"inLanguage":"en","potentialAction":[{"@type":"ReadAction","target":["https:\/\/www.visitfermo.it\/en\/sanremo-2022-la-fermana-hu-con-highsnob-sul-palco-dellaristoni-copy"]}]},{"@type":"ImageObject","inLanguage":"en","@id":"https:\/\/www.visitfermo.it\/en\/sanremo-2022-la-fermana-hu-con-highsnob-sul-palco-dellaristoni-copy#primaryimage","url":"https:\/\/www.visitfermo.it\/wp-content\/uploads\/2022\/02\/hu.jpg","contentUrl":"https:\/\/www.visitfermo.it\/wp-content\/uploads\/2022\/02\/hu.jpg"},{"@type":"BreadcrumbList","@id":"https:\/\/www.visitfermo.it\/en\/sanremo-2022-la-fermana-hu-con-highsnob-sul-palco-dellaristoni-copy#breadcrumb","itemListElement":[{"@type":"ListItem","position":1,"name":"Home","item":"https:\/\/www.visitfermo.it\/en"},{"@type":"ListItem","position":2,"name":"Sanremo 2022: la fermana HU con Highsnob sul palco dell&#8217;Ariston"}]},{"@type":"WebSite","@id":"https:\/\/www.visitfermo.it\/en#website","url":"https:\/\/www.visitfermo.it\/en","name":"Visit Fermo","description":"Fermo a place for me","publisher":{"@id":"https:\/\/www.visitfermo.it\/en#organization"},"potentialAction":[{"@type":"SearchAction","target":{"@type":"EntryPoint","urlTemplate":"https:\/\/www.visitfermo.it\/en?s={search_term_string}"},"query-input":{"@type":"PropertyValueSpecification","valueRequired":true,"valueName":"search_term_string"}}],"inLanguage":"en"},{"@type":"Organization","@id":"https:\/\/www.visitfermo.it\/en#organization","name":"Visit Fermo","url":"https:\/\/www.visitfermo.it\/en","logo":{"@type":"ImageObject","inLanguage":"en","@id":"https:\/\/www.visitfermo.it\/en#\/schema\/logo\/image\/","url":"https:\/\/www.visitfermo.it\/wp-content\/uploads\/2018\/02\/logo-fermo-a-place-for-me-giallo.png","contentUrl":"https:\/\/www.visitfermo.it\/wp-content\/uploads\/2018\/02\/logo-fermo-a-place-for-me-giallo.png","width":453,"height":230,"caption":"Visit Fermo"},"image":{"@id":"https:\/\/www.visitfermo.it\/en#\/schema\/logo\/image\/"},"sameAs":["https:\/\/www.facebook.com\/VstFermo\/","https:\/\/x.com\/FermoTurismo","https:\/\/www.instagram.com\/visitfermo\/","https:\/\/www.youtube.com\/c\/VisitFermo"]},{"@type":"Person","@id":"https:\/\/www.visitfermo.it\/en#\/schema\/person\/7af357c11ac81cbaf74c4e01eccf6058","name":"Letizia","image":{"@type":"ImageObject","inLanguage":"en","@id":"https:\/\/www.visitfermo.it\/en#\/schema\/person\/image\/","url":"https:\/\/secure.gravatar.com\/avatar\/bcc958eefe0bdebfbadf88b253cbcb380e3648653aa07a92dce3703eae1bda06?s=96&d=mm&r=g","contentUrl":"https:\/\/secure.gravatar.com\/avatar\/bcc958eefe0bdebfbadf88b253cbcb380e3648653aa07a92dce3703eae1bda06?s=96&d=mm&r=g","caption":"Letizia"}}]}},"_links":{"self":[{"href":"https:\/\/www.visitfermo.it\/en\/wp-json\/wp\/v2\/posts\/14315","targetHints":{"allow":["GET"]}}],"collection":[{"href":"https:\/\/www.visitfermo.it\/en\/wp-json\/wp\/v2\/posts"}],"about":[{"href":"https:\/\/www.visitfermo.it\/en\/wp-json\/wp\/v2\/types\/post"}],"author":[{"embeddable":true,"href":"https:\/\/www.visitfermo.it\/en\/wp-json\/wp\/v2\/users\/3"}],"replies":[{"embeddable":true,"href":"https:\/\/www.visitfermo.it\/en\/wp-json\/wp\/v2\/comments?post=14315"}],"version-history":[{"count":2,"href":"https:\/\/www.visitfermo.it\/en\/wp-json\/wp\/v2\/posts\/14315\/revisions"}],"predecessor-version":[{"id":14327,"href":"https:\/\/www.visitfermo.it\/en\/wp-json\/wp\/v2\/posts\/14315\/revisions\/14327"}],"wp:attachment":[{"href":"https:\/\/www.visitfermo.it\/en\/wp-json\/wp\/v2\/media?parent=14315"}],"wp:term":[{"taxonomy":"category","embeddable":true,"href":"https:\/\/www.visitfermo.it\/en\/wp-json\/wp\/v2\/categories?post=14315"},{"taxonomy":"post_tag","embeddable":true,"href":"https:\/\/www.visitfermo.it\/en\/wp-json\/wp\/v2\/tags?post=14315"}],"curies":[{"name":"wp","href":"https:\/\/api.w.org\/{rel}","templated":true}]}}